{"id":5410,"date":"2024-10-05T21:00:00","date_gmt":"2024-10-05T18:00:00","guid":{"rendered":"https:\/\/www.tpocg.org\/blog\/?p=5410"},"modified":"2024-10-05T20:18:51","modified_gmt":"2024-10-05T17:18:51","slug":"ekim-ayi-onerileri-melankoli","status":"publish","type":"post","link":"https:\/\/www.tpocg.org\/blog\/ekim-ayi-onerileri-melankoli","title":{"rendered":"Ekim Ay\u0131 \u00d6nerileri: \u201cMelankoli\u201d"},"content":{"rendered":"\n<p>Merhaba Sevgili Okur!<\/p>\n\n\n\n<p>Ekim, hasat zaman\u0131d\u0131r. Kazand\u0131\u011f\u0131m\u0131z ba\u015far\u0131lar\u0131, ya\u015fad\u0131\u011f\u0131m\u0131z g\u00fczel an\u0131lar\u0131 kutlamak i\u00e7in sab\u0131rs\u0131zlan\u0131yor olabiliriz ancak bu kutlamalar\u0131n \u00f6ncesinde, ya\u015fad\u0131\u011f\u0131m\u0131z olumsuz ve melankolik an\u0131lar\u0131 da hat\u0131rlamak \u00f6nem ta\u015f\u0131yor. \u00c7\u00fcnk\u00fc bu deneyimler, kazan\u0131mlar\u0131m\u0131z\u0131n b\u00fcy\u00fck mimarlar\u0131ndand\u0131r. Bu hasat mevsiminde, hem ba\u015far\u0131lar\u0131n\u0131z\u0131 kutlaman\u0131z\u0131 hem de zorluklar\u0131n\u0131zdan ders \u00e7\u0131kararak gelece\u011fe daha g\u00fc\u00e7l\u00fc ad\u0131mlarla ilerlemenizi temenni ediyorum. \u015eimdiden okudu\u011funuz i\u00e7in te\u015fekk\u00fcr eder, keyifli okumalar dilerim.<\/p>\n\n\n\n<p><strong>Oku: \u00c7ocuklu\u011fun So\u011fuk Geceleri \/ Tezer \u00d6zl\u00fc<\/strong><\/p>\n\n\n\n<p>Hayat\u0131 boyunca manik depresif bozukluk ile bo\u011fu\u015fan, bir s\u00fcre elektro\u015fok tedavisi g\u00f6rm\u00fc\u015f olan ve edebiyat\u0131m\u0131zda \u201cgaml\u0131 prenses\u201d olarak an\u0131lan Tezer \u00d6zl\u00fc\u2019n\u00fcn ilk roman\u0131d\u0131r bu kitab\u0131m\u0131z. D\u00f6rt b\u00f6l\u00fcmden olu\u015fan kitap; kahraman\u0131m\u0131z\u0131n yaln\u0131zl\u0131\u011f\u0131n\u0131, ald\u0131\u011f\u0131 yanl\u0131\u015f kararlar\u0131, o kararlardan d\u00f6nme \u00e7abas\u0131ndayken kendini tekrar ayn\u0131 yerde bulmas\u0131n\u0131 anlat\u0131r. 65 sayfa olmas\u0131na aldanmay\u0131n \u00e7\u00fcnk\u00fc yazar\u0131m\u0131z i\u00e7sel d\u00fcnyas\u0131n\u0131n derinliklerine inen m\u00fckemmel bir psikolojik otoportre sunar. \u00c7ok\u00e7a d\u00fc\u015f\u00fcn\u00fcp sorgulayaca\u011f\u0131n\u0131z, ayn\u0131 zamanda da sizler i\u00e7in unutulmayacak bir kitap olaca\u011f\u0131na eminim. \u015eimdiden iyi okumalar!<\/p>\n\n\n\n<p><strong>Dinle: Dondante \/ My Morning Jacket<\/strong><\/p>\n\n\n\n<p>Melankolik zamanlar\u0131m\u0131zda hepimizin ortak olarak yapt\u0131\u011f\u0131 bir aktivitedir m\u00fczik dinlemek. \u0130\u00e7imizdeki f\u0131rt\u0131nalar\u0131n, kavgalar\u0131n \u00e7\u0131k\u0131\u015f yolu olarak g\u00f6r\u00fcr\u00fcz \u015fark\u0131lar\u0131. Dondante de bu anlar\u0131n\u0131z i\u00e7in dinleyebilece\u011finiz en iyi \u015fark\u0131lardan biridir. Grubun 2005 y\u0131l\u0131nda \u00e7\u0131kard\u0131\u011f\u0131 \u201cZ\u201d alb\u00fcm\u00fc i\u00e7erisinde yer alan \u015fark\u0131, psikedeli\u011fin derinliklerini ve bluesun h\u00fcz\u00fcnl\u00fc melodilerini bir arada sunar bizlere. Melankolik zamanlar\u0131m\u0131z olur ama elbet ge\u00e7ecektir. Ayn\u0131 \u015fark\u0131da da s\u00f6yledi\u011fi gibi.<\/p>\n\n\n\n<p><em>\u201cBeni endi\u015felendirdin, o kadar endi\u015felendirdin ki bu ge\u00e7meyecek<\/em><\/p>\n\n\n\n<p><em>Ama \u015fimdi \u00f6\u011freniyorum, bunun ge\u00e7ece\u011fini \u00f6\u011freniyorum.\u201d<\/em><\/p>\n\n\n\n<p>Tekrar tekrar dinlemeyi isteyece\u011finiz bir \u015fark\u0131 olacak, kulakl\u0131\u011f\u0131n\u0131z\u0131 takmay\u0131 unutmay\u0131n.<\/p>\n\n\n\n<p><strong>\u0130zle: Ya\u015fam\u0131n K\u0131y\u0131s\u0131nda \/ Fatih Ak\u0131n<\/strong><\/p>\n\n\n\n<p><strong>&nbsp;&nbsp;&nbsp;&nbsp;&nbsp;&nbsp;&nbsp;&nbsp;&nbsp;&nbsp;&nbsp;<\/strong>T\u00fcrk sinemas\u0131n\u0131n \u00f6nemli y\u00f6netmenlerinden biri olan Fatih Ak\u0131n; bu filminde ya\u015fam, \u00f6l\u00fcm, a\u015fk ve kay\u0131plar \u00fczerine kurdu\u011fu yolculu\u011fa bizleri de al\u0131r. Almanya&#8217;da ya\u015fayan T\u00fcrk k\u00f6kenli bir ailenin trajik bir olayla sars\u0131lmas\u0131yla ba\u015fl\u0131yor hikaye. Birbirine ge\u00e7mi\u015f alt\u0131 farkl\u0131 karakterin hayat\u0131n\u0131 konu alan film, ba\u015fkarakterlerimizden Nejat\u2019\u0131n ya\u015fad\u0131\u011f\u0131 i\u00e7sel \u00e7at\u0131\u015fmalar ve sorgulamalar\u0131n etraf\u0131nda d\u00f6n\u00fcyor. Sinematografik olarak da \u00e7ok ba\u015far\u0131l\u0131 bir g\u00f6r\u00fcnt\u00fc yakalayan Ak\u0131n, Almanya\u2019n\u0131n gri ve so\u011fuk atmosferiyle T\u00fcrk k\u00fclt\u00fcr\u00fcn\u00fc g\u00fczel bir ahenk i\u00e7inde birle\u015ftiriyor. Ya\u015fam\u0131n ge\u00e7icili\u011fi ve kayb\u0131n getirdi\u011fi ac\u0131 ve melankolik buhranl\u0131\u011f\u0131 derinlemesine i\u015fleyen film, hayat\u0131n getirdi\u011fi zorluklarla y\u00fczle\u015fen herkes i\u00e7in hem d\u00fc\u015f\u00fcnd\u00fcr\u00fcc\u00fc hem evrensel bir anlat\u0131m sunuyor. \u0130zlerken \u00fcst\u00fcne d\u00fc\u015f\u00fcnecek bir s\u00fcr\u00fc nokta bulaca\u011f\u0131n\u0131za eminim. Keyifli seyirler!<\/p>\n\n\n\n<p><strong>D\u00fc\u015f\u00fcn: \u201cMelancholy\u201d \/ Edvard Munch<\/strong><\/p>\n\n\n\n<p>Konu melankoli olunca akla gelebilecek en \u00fcnl\u00fc ressamlardan biridir Munch. Norve\u00e7li ekspresyonist ressam, 19. y\u00fczy\u0131l\u0131n sonlar\u0131nda ya\u015fad\u0131\u011f\u0131 i\u00e7sel \u00e7alkant\u0131lar\u0131 ve psikolojik derinlikleri tuvallerine yans\u0131tarak en bilinen eserlerini de bu \u015fekilde ortaya \u00e7\u0131kar\u0131r. Sunmu\u015f oldu\u011fum tablodaki erkek fig\u00fcr\u00fc derin bir h\u00fcz\u00fcn ve \u00e7aresizlik i\u00e7indedir. Fig\u00fcr\u00fcn duru\u015fu ve v\u00fccut dili, yaln\u0131zl\u0131\u011f\u0131 ifade eder. H\u00fcz\u00fcnl\u00fc ve kasvetli bir atmosfer yaratmak i\u00e7in so\u011fuk tonlar tercih eden Munch, fig\u00fcr\u00fcn arkas\u0131ndaki bo\u015flu\u011fu ise umutsuzlu\u011fu ve belirsizli\u011fi ifade etmek i\u00e7in \u00e7izer. \u0130\u00e7 d\u00fcnyam\u0131z\u0131n karma\u015f\u0131kl\u0131\u011f\u0131n\u0131 ve buhranl\u0131 hallerimizin yans\u0131mas\u0131n\u0131 g\u00f6rebilece\u011fimiz harika bir tablo olarak da \u00f6n\u00fcm\u00fcze \u00e7\u0131kar.<\/p>\n\n\n\n<p><strong>Hisset: Ac\u0131lar Denizi \/ \u00dcmit Ya\u015far O\u011fuzcan<\/strong><\/p>\n\n\n\n<p>Edebiyat\u0131m\u0131z\u0131n melankolik \u015fairi olan \u00dcmit Ya\u015far\u2019\u0131n, derin duygu d\u00fcnyas\u0131n\u0131 ve ustaca olan kalemini bu \u015fiirinde de g\u00f6r\u00fcr\u00fcz. \u015eairin sade bir dille karma\u015f\u0131k duygular\u0131 ifade etmedeki ustal\u0131\u011f\u0131, \u015fiirin etkileyicili\u011fini art\u0131r\u0131r. Varolu\u015fun ka\u00e7\u0131n\u0131lmaz bir ger\u00e7e\u011fi olan melankoli, \u015fiirde deniz metaforuyla ifade edilir.&nbsp; \u0130nsan, hayat denizinde y\u00fczerken ka\u00e7\u0131n\u0131lmaz olarak ac\u0131 dalgalar\u0131yla kar\u015f\u0131la\u015f\u0131r. M\u00fccadele etmeyi, zorluklarla ba\u015fa \u00e7\u0131kmay\u0131 \u00f6\u011frenir. Daha da g\u00fc\u00e7lenerek \u00e7\u0131kt\u0131\u011f\u0131 bu denizden hasatlar\u0131n\u0131 toplamaya ba\u015flar. O s\u00fcre\u00e7te olu\u015fan hislerini de melankolik \u015fairimiz \u00e7ok g\u00fczel bir \u015fekilde ele al\u0131r.<\/p>\n\n\n\n<p><em>\u201cBu karanl\u0131k bitse art\u0131k, bir ay do\u011fsa<\/em><\/p>\n\n\n\n<p><em>&nbsp;&nbsp;&nbsp;&nbsp;&nbsp;&nbsp;&nbsp;&nbsp;&nbsp;&nbsp;&nbsp;&nbsp;&nbsp;Bir deli r\u00fczgar \u00e7\u0131ksa; al\u0131p g\u00f6t\u00fcrse<\/em><\/p>\n\n\n\n<p><em>&nbsp;Y\u0131llar\u0131n i\u00e7imde b\u0131rakt\u0131klar\u0131n\u0131\u2026\u201d<\/em><\/p>\n\n\n\n<p>Sudenaz Y\u0131ld\u0131r\u0131m<\/p>\n","protected":false},"excerpt":{"rendered":"<p>Merhaba Sevgili Okur! Ekim, hasat zaman\u0131d\u0131r. Kazand\u0131\u011f\u0131m\u0131z ba\u015far\u0131lar\u0131, ya\u015fad\u0131\u011f\u0131m\u0131z g\u00fczel an\u0131lar\u0131 kutlamak i\u00e7in sab\u0131rs\u0131zlan\u0131yor olabiliriz ancak bu kutlamalar\u0131n [&hellip;]<\/p>\n","protected":false},"author":1,"featured_media":5411,"comment_status":"open","ping_status":"open","sticky":false,"template":"","format":"standard","meta":{"footnotes":""},"categories":[2,8,7,6],"tags":[],"yoast_head":"<!-- This site is optimized with the Yoast SEO plugin v21.0 - https:\/\/yoast.com\/wordpress\/plugins\/seo\/ -->\n<title>Ekim Ay\u0131 \u00d6nerileri: \u201cMelankoli\u201d | Ak\u0131l Defterim<\/title>\n<meta name=\"description\" content=\"Psikoloji \u00f6\u011frencilerinin kaleminden yaz\u0131lar.\" \/>\n<meta name=\"robots\" content=\"index, follow, max-snippet:-1, max-image-preview:large, max-video-preview:-1\" \/>\n<link rel=\"canonical\" href=\"http:\/\/www.tpocg.org\/blog\/ekim-ayi-onerileri-melankoli\" \/>\n<meta property=\"og:locale\" content=\"tr_TR\" \/>\n<meta property=\"og:type\" content=\"article\" \/>\n<meta property=\"og:title\" content=\"Ekim Ay\u0131 \u00d6nerileri: \u201cMelankoli\u201d | Ak\u0131l Defterim\" \/>\n<meta property=\"og:description\" content=\"Psikoloji \u00f6\u011frencilerinin kaleminden yaz\u0131lar.\" \/>\n<meta property=\"og:url\" content=\"http:\/\/www.tpocg.org\/blog\/ekim-ayi-onerileri-melankoli\" \/>\n<meta property=\"og:site_name\" content=\"Ak\u0131l Defterim\" \/>\n<meta property=\"article:publisher\" content=\"https:\/\/www.facebook.com\/tpocg\" \/>\n<meta property=\"article:published_time\" content=\"2024-10-05T18:00:00+00:00\" \/>\n<meta property=\"article:modified_time\" content=\"2024-10-05T17:18:51+00:00\" \/>\n<meta property=\"og:image\" content=\"http:\/\/www.tpocg.org\/blog\/wp-content\/uploads\/2024\/10\/EKIM-AYI-ONERILERI-KAPAK-819x1024.jpg\" \/>\n\t<meta property=\"og:image:width\" content=\"819\" \/>\n\t<meta property=\"og:image:height\" content=\"1024\" \/>\n\t<meta property=\"og:image:type\" content=\"image\/jpeg\" \/>\n<meta name=\"author\" content=\"Blog Admin\" \/>\n<meta name=\"twitter:card\" content=\"summary_large_image\" \/>\n<meta name=\"twitter:creator\" content=\"@tpocg\" \/>\n<meta name=\"twitter:site\" content=\"@tpocg\" \/>\n<meta name=\"twitter:label1\" content=\"Yazan:\" \/>\n\t<meta name=\"twitter:data1\" content=\"Blog Admin\" \/>\n\t<meta name=\"twitter:label2\" content=\"Tahmini okuma s\u00fcresi\" \/>\n\t<meta name=\"twitter:data2\" content=\"4 dakika\" \/>\n<script type=\"application\/ld+json\" class=\"yoast-schema-graph\">{\"@context\":\"https:\/\/schema.org\",\"@graph\":[{\"@type\":\"Article\",\"@id\":\"http:\/\/www.tpocg.org\/blog\/ekim-ayi-onerileri-melankoli#article\",\"isPartOf\":{\"@id\":\"http:\/\/www.tpocg.org\/blog\/ekim-ayi-onerileri-melankoli\"},\"author\":{\"name\":\"Blog Admin\",\"@id\":\"http:\/\/www.tpocg.org\/blog\/#\/schema\/person\/b6b992d3f2452cbd7690555a22e946a7\"},\"headline\":\"Ekim Ay\u0131 \u00d6nerileri: \u201cMelankoli\u201d\",\"datePublished\":\"2024-10-05T18:00:00+00:00\",\"dateModified\":\"2024-10-05T17:18:51+00:00\",\"mainEntityOfPage\":{\"@id\":\"http:\/\/www.tpocg.org\/blog\/ekim-ayi-onerileri-melankoli\"},\"wordCount\":858,\"commentCount\":0,\"publisher\":{\"@id\":\"http:\/\/www.tpocg.org\/blog\/#organization\"},\"articleSection\":[\"Blog\",\"E\u011flence K\u00f6\u015fesi\",\"Filmler\",\"Kitaplar\"],\"inLanguage\":\"tr\",\"potentialAction\":[{\"@type\":\"CommentAction\",\"name\":\"Comment\",\"target\":[\"http:\/\/www.tpocg.org\/blog\/ekim-ayi-onerileri-melankoli#respond\"]}]},{\"@type\":\"WebPage\",\"@id\":\"http:\/\/www.tpocg.org\/blog\/ekim-ayi-onerileri-melankoli\",\"url\":\"http:\/\/www.tpocg.org\/blog\/ekim-ayi-onerileri-melankoli\",\"name\":\"Ekim Ay\u0131 \u00d6nerileri: \u201cMelankoli\u201d | Ak\u0131l Defterim\",\"isPartOf\":{\"@id\":\"http:\/\/www.tpocg.org\/blog\/#website\"},\"datePublished\":\"2024-10-05T18:00:00+00:00\",\"dateModified\":\"2024-10-05T17:18:51+00:00\",\"description\":\"Psikoloji \u00f6\u011frencilerinin kaleminden yaz\u0131lar.\",\"breadcrumb\":{\"@id\":\"http:\/\/www.tpocg.org\/blog\/ekim-ayi-onerileri-melankoli#breadcrumb\"},\"inLanguage\":\"tr\",\"potentialAction\":[{\"@type\":\"ReadAction\",\"target\":[\"http:\/\/www.tpocg.org\/blog\/ekim-ayi-onerileri-melankoli\"]}]},{\"@type\":\"BreadcrumbList\",\"@id\":\"http:\/\/www.tpocg.org\/blog\/ekim-ayi-onerileri-melankoli#breadcrumb\",\"itemListElement\":[{\"@type\":\"ListItem\",\"position\":1,\"name\":\"Ana sayfa\",\"item\":\"http:\/\/www.tpocg.org\/blog\"},{\"@type\":\"ListItem\",\"position\":2,\"name\":\"Ekim Ay\u0131 \u00d6nerileri: \u201cMelankoli\u201d\"}]},{\"@type\":\"WebSite\",\"@id\":\"http:\/\/www.tpocg.org\/blog\/#website\",\"url\":\"http:\/\/www.tpocg.org\/blog\/\",\"name\":\"Ak\u0131l Defterim\",\"description\":\"Psikoloji \u00d6\u011frencilerinden Yaz\u0131lar\",\"publisher\":{\"@id\":\"http:\/\/www.tpocg.org\/blog\/#organization\"},\"potentialAction\":[{\"@type\":\"SearchAction\",\"target\":{\"@type\":\"EntryPoint\",\"urlTemplate\":\"http:\/\/www.tpocg.org\/blog\/?s={search_term_string}\"},\"query-input\":\"required name=search_term_string\"}],\"inLanguage\":\"tr\"},{\"@type\":\"Organization\",\"@id\":\"http:\/\/www.tpocg.org\/blog\/#organization\",\"name\":\"TP\u00d6\u00c7G\",\"url\":\"http:\/\/www.tpocg.org\/blog\/\",\"logo\":{\"@type\":\"ImageObject\",\"inLanguage\":\"tr\",\"@id\":\"http:\/\/www.tpocg.org\/blog\/#\/schema\/logo\/image\/\",\"url\":\"http:\/\/www.tpocg.org\/blog\/wp-content\/uploads\/2016\/03\/fav.jpg\",\"contentUrl\":\"http:\/\/www.tpocg.org\/blog\/wp-content\/uploads\/2016\/03\/fav.jpg\",\"width\":72,\"height\":72,\"caption\":\"TP\u00d6\u00c7G\"},\"image\":{\"@id\":\"http:\/\/www.tpocg.org\/blog\/#\/schema\/logo\/image\/\"},\"sameAs\":[\"https:\/\/www.facebook.com\/tpocg\",\"https:\/\/twitter.com\/tpocg\",\"https:\/\/www.instagram.com\/tpocg\",\"https:\/\/www.youtube.com\/user\/TPOCG\"]},{\"@type\":\"Person\",\"@id\":\"http:\/\/www.tpocg.org\/blog\/#\/schema\/person\/b6b992d3f2452cbd7690555a22e946a7\",\"name\":\"Blog Admin\",\"image\":{\"@type\":\"ImageObject\",\"inLanguage\":\"tr\",\"@id\":\"http:\/\/www.tpocg.org\/blog\/#\/schema\/person\/image\/\",\"url\":\"https:\/\/secure.gravatar.com\/avatar\/1b70e439e4144c025102aa6c5b0f996b?s=96&d=mm&r=g\",\"contentUrl\":\"https:\/\/secure.gravatar.com\/avatar\/1b70e439e4144c025102aa6c5b0f996b?s=96&d=mm&r=g\",\"caption\":\"Blog Admin\"},\"url\":\"https:\/\/www.tpocg.org\/blog\/author\/blog-admin\"}]}<\/script>\n<!-- \/ Yoast SEO plugin. -->","yoast_head_json":{"title":"Ekim Ay\u0131 \u00d6nerileri: \u201cMelankoli\u201d | Ak\u0131l Defterim","description":"Psikoloji \u00f6\u011frencilerinin kaleminden yaz\u0131lar.","robots":{"index":"index","follow":"follow","max-snippet":"max-snippet:-1","max-image-preview":"max-image-preview:large","max-video-preview":"max-video-preview:-1"},"canonical":"http:\/\/www.tpocg.org\/blog\/ekim-ayi-onerileri-melankoli","og_locale":"tr_TR","og_type":"article","og_title":"Ekim Ay\u0131 \u00d6nerileri: \u201cMelankoli\u201d | Ak\u0131l Defterim","og_description":"Psikoloji \u00f6\u011frencilerinin kaleminden yaz\u0131lar.","og_url":"http:\/\/www.tpocg.org\/blog\/ekim-ayi-onerileri-melankoli","og_site_name":"Ak\u0131l Defterim","article_publisher":"https:\/\/www.facebook.com\/tpocg","article_published_time":"2024-10-05T18:00:00+00:00","article_modified_time":"2024-10-05T17:18:51+00:00","og_image":[{"width":819,"height":1024,"url":"http:\/\/www.tpocg.org\/blog\/wp-content\/uploads\/2024\/10\/EKIM-AYI-ONERILERI-KAPAK-819x1024.jpg","type":"image\/jpeg"}],"author":"Blog Admin","twitter_card":"summary_large_image","twitter_creator":"@tpocg","twitter_site":"@tpocg","twitter_misc":{"Yazan:":"Blog Admin","Tahmini okuma s\u00fcresi":"4 dakika"},"schema":{"@context":"https:\/\/schema.org","@graph":[{"@type":"Article","@id":"http:\/\/www.tpocg.org\/blog\/ekim-ayi-onerileri-melankoli#article","isPartOf":{"@id":"http:\/\/www.tpocg.org\/blog\/ekim-ayi-onerileri-melankoli"},"author":{"name":"Blog Admin","@id":"http:\/\/www.tpocg.org\/blog\/#\/schema\/person\/b6b992d3f2452cbd7690555a22e946a7"},"headline":"Ekim Ay\u0131 \u00d6nerileri: \u201cMelankoli\u201d","datePublished":"2024-10-05T18:00:00+00:00","dateModified":"2024-10-05T17:18:51+00:00","mainEntityOfPage":{"@id":"http:\/\/www.tpocg.org\/blog\/ekim-ayi-onerileri-melankoli"},"wordCount":858,"commentCount":0,"publisher":{"@id":"http:\/\/www.tpocg.org\/blog\/#organization"},"articleSection":["Blog","E\u011flence K\u00f6\u015fesi","Filmler","Kitaplar"],"inLanguage":"tr","potentialAction":[{"@type":"CommentAction","name":"Comment","target":["http:\/\/www.tpocg.org\/blog\/ekim-ayi-onerileri-melankoli#respond"]}]},{"@type":"WebPage","@id":"http:\/\/www.tpocg.org\/blog\/ekim-ayi-onerileri-melankoli","url":"http:\/\/www.tpocg.org\/blog\/ekim-ayi-onerileri-melankoli","name":"Ekim Ay\u0131 \u00d6nerileri: \u201cMelankoli\u201d | Ak\u0131l Defterim","isPartOf":{"@id":"http:\/\/www.tpocg.org\/blog\/#website"},"datePublished":"2024-10-05T18:00:00+00:00","dateModified":"2024-10-05T17:18:51+00:00","description":"Psikoloji \u00f6\u011frencilerinin kaleminden yaz\u0131lar.","breadcrumb":{"@id":"http:\/\/www.tpocg.org\/blog\/ekim-ayi-onerileri-melankoli#breadcrumb"},"inLanguage":"tr","potentialAction":[{"@type":"ReadAction","target":["http:\/\/www.tpocg.org\/blog\/ekim-ayi-onerileri-melankoli"]}]},{"@type":"BreadcrumbList","@id":"http:\/\/www.tpocg.org\/blog\/ekim-ayi-onerileri-melankoli#breadcrumb","itemListElement":[{"@type":"ListItem","position":1,"name":"Ana sayfa","item":"http:\/\/www.tpocg.org\/blog"},{"@type":"ListItem","position":2,"name":"Ekim Ay\u0131 \u00d6nerileri: \u201cMelankoli\u201d"}]},{"@type":"WebSite","@id":"http:\/\/www.tpocg.org\/blog\/#website","url":"http:\/\/www.tpocg.org\/blog\/","name":"Ak\u0131l Defterim","description":"Psikoloji \u00d6\u011frencilerinden Yaz\u0131lar","publisher":{"@id":"http:\/\/www.tpocg.org\/blog\/#organization"},"potentialAction":[{"@type":"SearchAction","target":{"@type":"EntryPoint","urlTemplate":"http:\/\/www.tpocg.org\/blog\/?s={search_term_string}"},"query-input":"required name=search_term_string"}],"inLanguage":"tr"},{"@type":"Organization","@id":"http:\/\/www.tpocg.org\/blog\/#organization","name":"TP\u00d6\u00c7G","url":"http:\/\/www.tpocg.org\/blog\/","logo":{"@type":"ImageObject","inLanguage":"tr","@id":"http:\/\/www.tpocg.org\/blog\/#\/schema\/logo\/image\/","url":"http:\/\/www.tpocg.org\/blog\/wp-content\/uploads\/2016\/03\/fav.jpg","contentUrl":"http:\/\/www.tpocg.org\/blog\/wp-content\/uploads\/2016\/03\/fav.jpg","width":72,"height":72,"caption":"TP\u00d6\u00c7G"},"image":{"@id":"http:\/\/www.tpocg.org\/blog\/#\/schema\/logo\/image\/"},"sameAs":["https:\/\/www.facebook.com\/tpocg","https:\/\/twitter.com\/tpocg","https:\/\/www.instagram.com\/tpocg","https:\/\/www.youtube.com\/user\/TPOCG"]},{"@type":"Person","@id":"http:\/\/www.tpocg.org\/blog\/#\/schema\/person\/b6b992d3f2452cbd7690555a22e946a7","name":"Blog Admin","image":{"@type":"ImageObject","inLanguage":"tr","@id":"http:\/\/www.tpocg.org\/blog\/#\/schema\/person\/image\/","url":"https:\/\/secure.gravatar.com\/avatar\/1b70e439e4144c025102aa6c5b0f996b?s=96&d=mm&r=g","contentUrl":"https:\/\/secure.gravatar.com\/avatar\/1b70e439e4144c025102aa6c5b0f996b?s=96&d=mm&r=g","caption":"Blog Admin"},"url":"https:\/\/www.tpocg.org\/blog\/author\/blog-admin"}]}},"_links":{"self":[{"href":"https:\/\/www.tpocg.org\/blog\/wp-json\/wp\/v2\/posts\/5410"}],"collection":[{"href":"https:\/\/www.tpocg.org\/blog\/wp-json\/wp\/v2\/posts"}],"about":[{"href":"https:\/\/www.tpocg.org\/blog\/wp-json\/wp\/v2\/types\/post"}],"author":[{"embeddable":true,"href":"https:\/\/www.tpocg.org\/blog\/wp-json\/wp\/v2\/users\/1"}],"replies":[{"embeddable":true,"href":"https:\/\/www.tpocg.org\/blog\/wp-json\/wp\/v2\/comments?post=5410"}],"version-history":[{"count":1,"href":"https:\/\/www.tpocg.org\/blog\/wp-json\/wp\/v2\/posts\/5410\/revisions"}],"predecessor-version":[{"id":5412,"href":"https:\/\/www.tpocg.org\/blog\/wp-json\/wp\/v2\/posts\/5410\/revisions\/5412"}],"wp:featuredmedia":[{"embeddable":true,"href":"https:\/\/www.tpocg.org\/blog\/wp-json\/wp\/v2\/media\/5411"}],"wp:attachment":[{"href":"https:\/\/www.tpocg.org\/blog\/wp-json\/wp\/v2\/media?parent=5410"}],"wp:term":[{"taxonomy":"category","embeddable":true,"href":"https:\/\/www.tpocg.org\/blog\/wp-json\/wp\/v2\/categories?post=5410"},{"taxonomy":"post_tag","embeddable":true,"href":"https:\/\/www.tpocg.org\/blog\/wp-json\/wp\/v2\/tags?post=5410"}],"curies":[{"name":"wp","href":"https:\/\/api.w.org\/{rel}","templated":true}]}}