{"id":5407,"date":"2024-10-03T21:00:00","date_gmt":"2024-10-03T18:00:00","guid":{"rendered":"https:\/\/www.tpocg.org\/blog\/?p=5407"},"modified":"2024-10-03T19:04:59","modified_gmt":"2024-10-03T16:04:59","slug":"toplumun-duygularimiza-taktigi-maskeler-ne-zaman-cikaracagiz","status":"publish","type":"post","link":"https:\/\/www.tpocg.org\/blog\/toplumun-duygularimiza-taktigi-maskeler-ne-zaman-cikaracagiz","title":{"rendered":"Toplumun Duygular\u0131m\u0131za Takt\u0131\u011f\u0131 Maskeler: Ne Zaman \u00c7\u0131karaca\u011f\u0131z?"},"content":{"rendered":"\n<p class=\"has-text-align-center\">&nbsp;(Bu yaz\u0131n\u0131n okunmas\u0131 yakla\u015f\u0131k 2 dakika s\u00fcrmektedir.)<\/p>\n\n\n\n<p>&nbsp;&nbsp;&nbsp;&nbsp;&nbsp;&nbsp;&nbsp;&nbsp;&nbsp;&nbsp;Hayat\u0131n ini\u015fleri ve \u00e7\u0131k\u0131\u015flar\u0131 neden vard\u0131r? Bu \u00e7ok geni\u015f bir yelpaze ama belki de her duyguyu tecr\u00fcbe etmemiz i\u00e7in vard\u0131r. Mutlu olmak kadar \u00fczg\u00fcn olman\u0131n, cesur olmak kadar korku hissetmenin, g\u00fcl\u00fcmsemek kadar a\u011flaman\u0131n da insan olman\u0131n do\u011fal bir par\u00e7as\u0131 oldu\u011funu unuturuz bazen.&nbsp;<\/p>\n\n\n\n<p>&nbsp;&nbsp;&nbsp;&nbsp;&nbsp;&nbsp;Ne yaz\u0131k ki bunu unutmam\u0131z\u0131 sa\u011flayan toplumun ta kendisidir. Pozitif olarak nitelendirdi\u011fimiz duygular\u0131 y\u00fcceltirken negatif olarak de\u011ferlendirdi\u011fimiz duygular\u0131 hissetmekten ka\u00e7\u0131nmay\u0131 a\u015f\u0131lar. Oysa her duygunun de\u011feri vard\u0131r ve ta\u015f\u0131d\u0131\u011f\u0131 anlam kendi i\u00e7erisinde gizlidir fakat bunu ke\u015ffetmektense \u00fczerine toprak atmak daha kolay olabilir.<\/p>\n\n\n\n<p><strong>\u00a0\u00a0\u00a0\u00a0\u00a0\u00a0\u0130nsan\u0131n y\u00fcre\u011fi yanarken g\u00fclmesi gerekti\u011fi bize neden \u00f6\u011fretildi ve biz neden bu \u015fekilde davranmam\u0131z gerekti\u011fini sorgulamadan kabul ettik? Duygular\u0131m\u0131z\u0131 diledi\u011fimiz gibi ya\u015famak varken neden hissetmekten vazge\u00e7tik?\u00a0<\/strong> Neden s\u00fcrekli iyi bir ruh halinde olmam\u0131z gerekiyor? Neden baz\u0131 duygular\u0131 hissetmekten ka\u00e7\u0131p i\u00e7imizde derinlere g\u00f6m\u00fcyoruz? Neden bir robot gibi yaln\u0131zca belli duygulara g\u00f6re hareket edip belirli \u00f6zellikler sergilemek zorundaym\u0131\u015f\u0131z gibi hissediyoruz?\u00a0<\/p>\n\n\n\n<p>&nbsp;&nbsp;&nbsp;&nbsp;&nbsp;&nbsp;\u0130nan\u0131n bilmiyorum ve anlam\u0131yorum. Anlad\u0131\u011f\u0131m tek \u015fey duygular\u0131m\u0131z\u0131 hissedip ya\u015famaktan bir hayli ka\u00e7\u0131nd\u0131\u011f\u0131m\u0131z. Bu kimi zaman pozitif olarak de\u011ferlendirilen duygular i\u00e7in de ge\u00e7erli. Toplumda yer edinmi\u015f olan \u201c\u00e7ok g\u00fcld\u00fck ba\u015f\u0131m\u0131za bir \u015fey gelecek\u2019\u2019 gibi inan\u0131\u015flar bu durumu iyi ifade eden \u00f6rneklerden biridir. Hatta bu d\u00fc\u015f\u00fcnceyi o kadar benimsemi\u015fiz ki &#8220;\u00e7ok g\u00fclen \u00e7ok a\u011flar&#8221; gibi atas\u00f6zlerimiz dahi var. \u0130nsan\u0131 bir \u015feyler ya\u015famaktan al\u0131koyan \u015fey yine bir avu\u00e7 insan oluyor bazen.&nbsp;<\/p>\n\n\n\n<p>&nbsp;&nbsp;&nbsp;&nbsp;&nbsp;&nbsp;Kendi ihtiya\u00e7lar\u0131m\u0131z\u0131 kar\u015f\u0131lamak ve kendimizi beslemek yerine, ba\u015fkalar\u0131n\u0131n d\u00fc\u015f\u00fcnceleri bizim i\u00e7in daha \u00f6nemli hale geldi. \u00dcstelik ne d\u00fc\u015f\u00fcneceklerini dert etti\u011fimiz o ba\u015fkalar\u0131 genellikle bizi umursam\u0131yorken&#8230; Hatta kimi zaman d\u0131\u015far\u0131ya kar\u015f\u0131 duygular\u0131m\u0131z\u0131 reddetti\u011fimiz gibi, i\u00e7imizde de ayn\u0131 \u015fekilde duygular\u0131m\u0131z\u0131 reddediyoruz. Bunu bazen fark\u0131nda bile olmadan yap\u0131yoruz. Aynaya bak\u0131yormu\u015fuz da kendimizi g\u00f6remiyormu\u015fuz gibi\u2026 Varl\u0131\u011f\u0131m\u0131z\u0131 ve ger\u00e7ek ihtiya\u00e7lar\u0131m\u0131z\u0131 yok saymak bize ger\u00e7ekten ne kazand\u0131r\u0131r?<\/p>\n\n\n\n<p>&nbsp;&nbsp;&nbsp;&nbsp;&nbsp;&nbsp;E\u011fer hayat\u0131 tek bir \u00e7izgi \u015feklinde, sadece pozitif olarak de\u011ferlendirdi\u011fimiz duygularla ya\u015fasayd\u0131k nas\u0131l olurdu? Zamanla bu hislerin ger\u00e7ekten pozitif kal\u0131p kalamayaca\u011f\u0131n\u0131 ve&nbsp; s\u00fcrekli hissetti\u011fimiz monoton bir duygusal duruma d\u00f6n\u00fc\u015f\u00fcp d\u00f6n\u00fc\u015fmeyece\u011fini merak ediyorum. Asl\u0131nda biraz da cevab\u0131 biliyor gibiyim.<\/p>\n\n\n\n<p>Tuana Bozdemir<\/p>\n\n\n\n<p><a href=\"https:\/\/pin.it\/1GCr43alg\">https:\/\/pin.it\/1GCr43alg<\/a><\/p>\n","protected":false},"excerpt":{"rendered":"<p> &#8221; \u0130nsan\u0131n y\u00fcre\u011fi yanarken g\u00fclmesi gerekti\u011fi bize neden \u00f6\u011fretildi ve biz neden bu \u015fekilde davranmam\u0131z gerekti\u011fini sorgulamadan kabul ettik? Duygular\u0131m\u0131z\u0131 diledi\u011fimiz gibi ya\u015famak varken neden hissetmekten vazge\u00e7tik? &#8220;<\/p>\n","protected":false},"author":1,"featured_media":5408,"comment_status":"open","ping_status":"open","sticky":false,"template":"","format":"standard","meta":{"footnotes":""},"categories":[2,4,1],"tags":[],"yoast_head":"<!-- This site is optimized with the Yoast SEO plugin v21.0 - https:\/\/yoast.com\/wordpress\/plugins\/seo\/ -->\n<title>Toplumun Duygular\u0131m\u0131za Takt\u0131\u011f\u0131 Maskeler: Ne Zaman \u00c7\u0131karaca\u011f\u0131z? | Ak\u0131l Defterim<\/title>\n<meta name=\"description\" content=\"Psikoloji \u00f6\u011frencilerinin kaleminden yaz\u0131lar.\" \/>\n<meta name=\"robots\" content=\"index, follow, max-snippet:-1, max-image-preview:large, max-video-preview:-1\" \/>\n<link rel=\"canonical\" href=\"http:\/\/www.tpocg.org\/blog\/toplumun-duygularimiza-taktigi-maskeler-ne-zaman-cikaracagiz\" \/>\n<meta property=\"og:locale\" content=\"tr_TR\" \/>\n<meta property=\"og:type\" content=\"article\" \/>\n<meta property=\"og:title\" content=\"Toplumun Duygular\u0131m\u0131za Takt\u0131\u011f\u0131 Maskeler: Ne Zaman \u00c7\u0131karaca\u011f\u0131z? | Ak\u0131l Defterim\" \/>\n<meta property=\"og:description\" content=\"Psikoloji \u00f6\u011frencilerinin kaleminden yaz\u0131lar.\" \/>\n<meta property=\"og:url\" content=\"http:\/\/www.tpocg.org\/blog\/toplumun-duygularimiza-taktigi-maskeler-ne-zaman-cikaracagiz\" \/>\n<meta property=\"og:site_name\" content=\"Ak\u0131l Defterim\" \/>\n<meta property=\"article:publisher\" content=\"https:\/\/www.facebook.com\/tpocg\" \/>\n<meta property=\"article:published_time\" content=\"2024-10-03T18:00:00+00:00\" \/>\n<meta property=\"article:modified_time\" content=\"2024-10-03T16:04:59+00:00\" \/>\n<meta property=\"og:image\" content=\"http:\/\/www.tpocg.org\/blog\/wp-content\/uploads\/2024\/10\/Toplumun-Duygularimiza-Taktigi-Maskeler_-Ne-Zaman-Cikaracagiz-Gorsel.jpg\" \/>\n\t<meta property=\"og:image:width\" content=\"564\" \/>\n\t<meta property=\"og:image:height\" content=\"705\" \/>\n\t<meta property=\"og:image:type\" content=\"image\/jpeg\" \/>\n<meta name=\"author\" content=\"Blog Admin\" \/>\n<meta name=\"twitter:card\" content=\"summary_large_image\" \/>\n<meta name=\"twitter:creator\" content=\"@tpocg\" \/>\n<meta name=\"twitter:site\" content=\"@tpocg\" \/>\n<meta name=\"twitter:label1\" content=\"Yazan:\" \/>\n\t<meta name=\"twitter:data1\" content=\"Blog Admin\" \/>\n\t<meta name=\"twitter:label2\" content=\"Tahmini okuma s\u00fcresi\" \/>\n\t<meta name=\"twitter:data2\" content=\"2 dakika\" \/>\n<script type=\"application\/ld+json\" class=\"yoast-schema-graph\">{\"@context\":\"https:\/\/schema.org\",\"@graph\":[{\"@type\":\"Article\",\"@id\":\"http:\/\/www.tpocg.org\/blog\/toplumun-duygularimiza-taktigi-maskeler-ne-zaman-cikaracagiz#article\",\"isPartOf\":{\"@id\":\"http:\/\/www.tpocg.org\/blog\/toplumun-duygularimiza-taktigi-maskeler-ne-zaman-cikaracagiz\"},\"author\":{\"name\":\"Blog Admin\",\"@id\":\"http:\/\/www.tpocg.org\/blog\/#\/schema\/person\/b6b992d3f2452cbd7690555a22e946a7\"},\"headline\":\"Toplumun Duygular\u0131m\u0131za Takt\u0131\u011f\u0131 Maskeler: Ne Zaman \u00c7\u0131karaca\u011f\u0131z?\",\"datePublished\":\"2024-10-03T18:00:00+00:00\",\"dateModified\":\"2024-10-03T16:04:59+00:00\",\"mainEntityOfPage\":{\"@id\":\"http:\/\/www.tpocg.org\/blog\/toplumun-duygularimiza-taktigi-maskeler-ne-zaman-cikaracagiz\"},\"wordCount\":503,\"commentCount\":0,\"publisher\":{\"@id\":\"http:\/\/www.tpocg.org\/blog\/#organization\"},\"articleSection\":[\"Blog\",\"Denemeler\"],\"inLanguage\":\"tr\",\"potentialAction\":[{\"@type\":\"CommentAction\",\"name\":\"Comment\",\"target\":[\"http:\/\/www.tpocg.org\/blog\/toplumun-duygularimiza-taktigi-maskeler-ne-zaman-cikaracagiz#respond\"]}]},{\"@type\":\"WebPage\",\"@id\":\"http:\/\/www.tpocg.org\/blog\/toplumun-duygularimiza-taktigi-maskeler-ne-zaman-cikaracagiz\",\"url\":\"http:\/\/www.tpocg.org\/blog\/toplumun-duygularimiza-taktigi-maskeler-ne-zaman-cikaracagiz\",\"name\":\"Toplumun Duygular\u0131m\u0131za Takt\u0131\u011f\u0131 Maskeler: Ne Zaman \u00c7\u0131karaca\u011f\u0131z? | Ak\u0131l Defterim\",\"isPartOf\":{\"@id\":\"http:\/\/www.tpocg.org\/blog\/#website\"},\"datePublished\":\"2024-10-03T18:00:00+00:00\",\"dateModified\":\"2024-10-03T16:04:59+00:00\",\"description\":\"Psikoloji \u00f6\u011frencilerinin kaleminden yaz\u0131lar.\",\"breadcrumb\":{\"@id\":\"http:\/\/www.tpocg.org\/blog\/toplumun-duygularimiza-taktigi-maskeler-ne-zaman-cikaracagiz#breadcrumb\"},\"inLanguage\":\"tr\",\"potentialAction\":[{\"@type\":\"ReadAction\",\"target\":[\"http:\/\/www.tpocg.org\/blog\/toplumun-duygularimiza-taktigi-maskeler-ne-zaman-cikaracagiz\"]}]},{\"@type\":\"BreadcrumbList\",\"@id\":\"http:\/\/www.tpocg.org\/blog\/toplumun-duygularimiza-taktigi-maskeler-ne-zaman-cikaracagiz#breadcrumb\",\"itemListElement\":[{\"@type\":\"ListItem\",\"position\":1,\"name\":\"Ana sayfa\",\"item\":\"http:\/\/www.tpocg.org\/blog\"},{\"@type\":\"ListItem\",\"position\":2,\"name\":\"Toplumun Duygular\u0131m\u0131za Takt\u0131\u011f\u0131 Maskeler: Ne Zaman \u00c7\u0131karaca\u011f\u0131z?\"}]},{\"@type\":\"WebSite\",\"@id\":\"http:\/\/www.tpocg.org\/blog\/#website\",\"url\":\"http:\/\/www.tpocg.org\/blog\/\",\"name\":\"Ak\u0131l Defterim\",\"description\":\"Psikoloji \u00d6\u011frencilerinden Yaz\u0131lar\",\"publisher\":{\"@id\":\"http:\/\/www.tpocg.org\/blog\/#organization\"},\"potentialAction\":[{\"@type\":\"SearchAction\",\"target\":{\"@type\":\"EntryPoint\",\"urlTemplate\":\"http:\/\/www.tpocg.org\/blog\/?s={search_term_string}\"},\"query-input\":\"required name=search_term_string\"}],\"inLanguage\":\"tr\"},{\"@type\":\"Organization\",\"@id\":\"http:\/\/www.tpocg.org\/blog\/#organization\",\"name\":\"TP\u00d6\u00c7G\",\"url\":\"http:\/\/www.tpocg.org\/blog\/\",\"logo\":{\"@type\":\"ImageObject\",\"inLanguage\":\"tr\",\"@id\":\"http:\/\/www.tpocg.org\/blog\/#\/schema\/logo\/image\/\",\"url\":\"http:\/\/www.tpocg.org\/blog\/wp-content\/uploads\/2016\/03\/fav.jpg\",\"contentUrl\":\"http:\/\/www.tpocg.org\/blog\/wp-content\/uploads\/2016\/03\/fav.jpg\",\"width\":72,\"height\":72,\"caption\":\"TP\u00d6\u00c7G\"},\"image\":{\"@id\":\"http:\/\/www.tpocg.org\/blog\/#\/schema\/logo\/image\/\"},\"sameAs\":[\"https:\/\/www.facebook.com\/tpocg\",\"https:\/\/twitter.com\/tpocg\",\"https:\/\/www.instagram.com\/tpocg\",\"https:\/\/www.youtube.com\/user\/TPOCG\"]},{\"@type\":\"Person\",\"@id\":\"http:\/\/www.tpocg.org\/blog\/#\/schema\/person\/b6b992d3f2452cbd7690555a22e946a7\",\"name\":\"Blog Admin\",\"image\":{\"@type\":\"ImageObject\",\"inLanguage\":\"tr\",\"@id\":\"http:\/\/www.tpocg.org\/blog\/#\/schema\/person\/image\/\",\"url\":\"https:\/\/secure.gravatar.com\/avatar\/1b70e439e4144c025102aa6c5b0f996b?s=96&d=mm&r=g\",\"contentUrl\":\"https:\/\/secure.gravatar.com\/avatar\/1b70e439e4144c025102aa6c5b0f996b?s=96&d=mm&r=g\",\"caption\":\"Blog Admin\"},\"url\":\"https:\/\/www.tpocg.org\/blog\/author\/blog-admin\"}]}<\/script>\n<!-- \/ Yoast SEO plugin. -->","yoast_head_json":{"title":"Toplumun Duygular\u0131m\u0131za Takt\u0131\u011f\u0131 Maskeler: Ne Zaman \u00c7\u0131karaca\u011f\u0131z? | Ak\u0131l Defterim","description":"Psikoloji \u00f6\u011frencilerinin kaleminden yaz\u0131lar.","robots":{"index":"index","follow":"follow","max-snippet":"max-snippet:-1","max-image-preview":"max-image-preview:large","max-video-preview":"max-video-preview:-1"},"canonical":"http:\/\/www.tpocg.org\/blog\/toplumun-duygularimiza-taktigi-maskeler-ne-zaman-cikaracagiz","og_locale":"tr_TR","og_type":"article","og_title":"Toplumun Duygular\u0131m\u0131za Takt\u0131\u011f\u0131 Maskeler: Ne Zaman \u00c7\u0131karaca\u011f\u0131z? | Ak\u0131l Defterim","og_description":"Psikoloji \u00f6\u011frencilerinin kaleminden yaz\u0131lar.","og_url":"http:\/\/www.tpocg.org\/blog\/toplumun-duygularimiza-taktigi-maskeler-ne-zaman-cikaracagiz","og_site_name":"Ak\u0131l Defterim","article_publisher":"https:\/\/www.facebook.com\/tpocg","article_published_time":"2024-10-03T18:00:00+00:00","article_modified_time":"2024-10-03T16:04:59+00:00","og_image":[{"width":564,"height":705,"url":"http:\/\/www.tpocg.org\/blog\/wp-content\/uploads\/2024\/10\/Toplumun-Duygularimiza-Taktigi-Maskeler_-Ne-Zaman-Cikaracagiz-Gorsel.jpg","type":"image\/jpeg"}],"author":"Blog Admin","twitter_card":"summary_large_image","twitter_creator":"@tpocg","twitter_site":"@tpocg","twitter_misc":{"Yazan:":"Blog Admin","Tahmini okuma s\u00fcresi":"2 dakika"},"schema":{"@context":"https:\/\/schema.org","@graph":[{"@type":"Article","@id":"http:\/\/www.tpocg.org\/blog\/toplumun-duygularimiza-taktigi-maskeler-ne-zaman-cikaracagiz#article","isPartOf":{"@id":"http:\/\/www.tpocg.org\/blog\/toplumun-duygularimiza-taktigi-maskeler-ne-zaman-cikaracagiz"},"author":{"name":"Blog Admin","@id":"http:\/\/www.tpocg.org\/blog\/#\/schema\/person\/b6b992d3f2452cbd7690555a22e946a7"},"headline":"Toplumun Duygular\u0131m\u0131za Takt\u0131\u011f\u0131 Maskeler: Ne Zaman \u00c7\u0131karaca\u011f\u0131z?","datePublished":"2024-10-03T18:00:00+00:00","dateModified":"2024-10-03T16:04:59+00:00","mainEntityOfPage":{"@id":"http:\/\/www.tpocg.org\/blog\/toplumun-duygularimiza-taktigi-maskeler-ne-zaman-cikaracagiz"},"wordCount":503,"commentCount":0,"publisher":{"@id":"http:\/\/www.tpocg.org\/blog\/#organization"},"articleSection":["Blog","Denemeler"],"inLanguage":"tr","potentialAction":[{"@type":"CommentAction","name":"Comment","target":["http:\/\/www.tpocg.org\/blog\/toplumun-duygularimiza-taktigi-maskeler-ne-zaman-cikaracagiz#respond"]}]},{"@type":"WebPage","@id":"http:\/\/www.tpocg.org\/blog\/toplumun-duygularimiza-taktigi-maskeler-ne-zaman-cikaracagiz","url":"http:\/\/www.tpocg.org\/blog\/toplumun-duygularimiza-taktigi-maskeler-ne-zaman-cikaracagiz","name":"Toplumun Duygular\u0131m\u0131za Takt\u0131\u011f\u0131 Maskeler: Ne Zaman \u00c7\u0131karaca\u011f\u0131z? | Ak\u0131l Defterim","isPartOf":{"@id":"http:\/\/www.tpocg.org\/blog\/#website"},"datePublished":"2024-10-03T18:00:00+00:00","dateModified":"2024-10-03T16:04:59+00:00","description":"Psikoloji \u00f6\u011frencilerinin kaleminden yaz\u0131lar.","breadcrumb":{"@id":"http:\/\/www.tpocg.org\/blog\/toplumun-duygularimiza-taktigi-maskeler-ne-zaman-cikaracagiz#breadcrumb"},"inLanguage":"tr","potentialAction":[{"@type":"ReadAction","target":["http:\/\/www.tpocg.org\/blog\/toplumun-duygularimiza-taktigi-maskeler-ne-zaman-cikaracagiz"]}]},{"@type":"BreadcrumbList","@id":"http:\/\/www.tpocg.org\/blog\/toplumun-duygularimiza-taktigi-maskeler-ne-zaman-cikaracagiz#breadcrumb","itemListElement":[{"@type":"ListItem","position":1,"name":"Ana sayfa","item":"http:\/\/www.tpocg.org\/blog"},{"@type":"ListItem","position":2,"name":"Toplumun Duygular\u0131m\u0131za Takt\u0131\u011f\u0131 Maskeler: Ne Zaman \u00c7\u0131karaca\u011f\u0131z?"}]},{"@type":"WebSite","@id":"http:\/\/www.tpocg.org\/blog\/#website","url":"http:\/\/www.tpocg.org\/blog\/","name":"Ak\u0131l Defterim","description":"Psikoloji \u00d6\u011frencilerinden Yaz\u0131lar","publisher":{"@id":"http:\/\/www.tpocg.org\/blog\/#organization"},"potentialAction":[{"@type":"SearchAction","target":{"@type":"EntryPoint","urlTemplate":"http:\/\/www.tpocg.org\/blog\/?s={search_term_string}"},"query-input":"required name=search_term_string"}],"inLanguage":"tr"},{"@type":"Organization","@id":"http:\/\/www.tpocg.org\/blog\/#organization","name":"TP\u00d6\u00c7G","url":"http:\/\/www.tpocg.org\/blog\/","logo":{"@type":"ImageObject","inLanguage":"tr","@id":"http:\/\/www.tpocg.org\/blog\/#\/schema\/logo\/image\/","url":"http:\/\/www.tpocg.org\/blog\/wp-content\/uploads\/2016\/03\/fav.jpg","contentUrl":"http:\/\/www.tpocg.org\/blog\/wp-content\/uploads\/2016\/03\/fav.jpg","width":72,"height":72,"caption":"TP\u00d6\u00c7G"},"image":{"@id":"http:\/\/www.tpocg.org\/blog\/#\/schema\/logo\/image\/"},"sameAs":["https:\/\/www.facebook.com\/tpocg","https:\/\/twitter.com\/tpocg","https:\/\/www.instagram.com\/tpocg","https:\/\/www.youtube.com\/user\/TPOCG"]},{"@type":"Person","@id":"http:\/\/www.tpocg.org\/blog\/#\/schema\/person\/b6b992d3f2452cbd7690555a22e946a7","name":"Blog Admin","image":{"@type":"ImageObject","inLanguage":"tr","@id":"http:\/\/www.tpocg.org\/blog\/#\/schema\/person\/image\/","url":"https:\/\/secure.gravatar.com\/avatar\/1b70e439e4144c025102aa6c5b0f996b?s=96&d=mm&r=g","contentUrl":"https:\/\/secure.gravatar.com\/avatar\/1b70e439e4144c025102aa6c5b0f996b?s=96&d=mm&r=g","caption":"Blog Admin"},"url":"https:\/\/www.tpocg.org\/blog\/author\/blog-admin"}]}},"_links":{"self":[{"href":"https:\/\/www.tpocg.org\/blog\/wp-json\/wp\/v2\/posts\/5407"}],"collection":[{"href":"https:\/\/www.tpocg.org\/blog\/wp-json\/wp\/v2\/posts"}],"about":[{"href":"https:\/\/www.tpocg.org\/blog\/wp-json\/wp\/v2\/types\/post"}],"author":[{"embeddable":true,"href":"https:\/\/www.tpocg.org\/blog\/wp-json\/wp\/v2\/users\/1"}],"replies":[{"embeddable":true,"href":"https:\/\/www.tpocg.org\/blog\/wp-json\/wp\/v2\/comments?post=5407"}],"version-history":[{"count":1,"href":"https:\/\/www.tpocg.org\/blog\/wp-json\/wp\/v2\/posts\/5407\/revisions"}],"predecessor-version":[{"id":5409,"href":"https:\/\/www.tpocg.org\/blog\/wp-json\/wp\/v2\/posts\/5407\/revisions\/5409"}],"wp:featuredmedia":[{"embeddable":true,"href":"https:\/\/www.tpocg.org\/blog\/wp-json\/wp\/v2\/media\/5408"}],"wp:attachment":[{"href":"https:\/\/www.tpocg.org\/blog\/wp-json\/wp\/v2\/media?parent=5407"}],"wp:term":[{"taxonomy":"category","embeddable":true,"href":"https:\/\/www.tpocg.org\/blog\/wp-json\/wp\/v2\/categories?post=5407"},{"taxonomy":"post_tag","embeddable":true,"href":"https:\/\/www.tpocg.org\/blog\/wp-json\/wp\/v2\/tags?post=5407"}],"curies":[{"name":"wp","href":"https:\/\/api.w.org\/{rel}","templated":true}]}}