{"id":5272,"date":"2024-07-25T19:36:03","date_gmt":"2024-07-25T16:36:03","guid":{"rendered":"https:\/\/www.tpocg.org\/blog\/?p=5272"},"modified":"2024-07-27T08:49:47","modified_gmt":"2024-07-27T05:49:47","slug":"anilarda-anda-ve-anilan-olan","status":"publish","type":"post","link":"https:\/\/www.tpocg.org\/blog\/anilarda-anda-ve-anilan-olan","title":{"rendered":"An\u0131larda, Anda ve An\u0131lan Olan"},"content":{"rendered":"<p><i><span style=\"font-weight: 400;\">(Bu yaz\u0131n\u0131n okunma s\u00fcresi yakla\u015f\u0131k olarak 3 dakika s\u00fcrmektedir.)<\/span><\/i><\/p>\n<p><span style=\"font-weight: 400;\">A\u011fz\u0131mdan \u00e7\u0131kan\u0131 kula\u011f\u0131m\u0131n duymad\u0131\u011f\u0131 olur bazen. Ya\u015fama amac\u0131m\u0131n yazmak \u00fczerine kurulu oldu\u011funu s\u00f6ylerken de bu birka\u00e7 zamandan biri i\u00e7inde d\u00f6n\u00fcp dolan\u0131yordum muhtemelen. Ya\u015famak i\u00e7in bir amaca sahip olmak m\u0131 gereklidir, yani ger\u00e7ekten \u2018bir\u2019 amaca sahip olmak \u00f6yle mi?\u00a0 <\/span><strong>Ama ben \u00e7imenlerin aras\u0131nda uzanm\u0131\u015f, \u00f6n\u00fcmdeki deftere k\u0131rm\u0131z\u0131 kalemimle bir \u015feyler karalad\u0131\u011f\u0131m s\u0131rada dolan sayfalar\u0131 \u00e7evirirken olu\u015fan o esintinin i\u00e7indeyim. <\/strong><\/p>\n<p><span style=\"font-weight: 400;\">Ben kendimi yaln\u0131zca birine nas\u0131l s\u0131\u011fd\u0131rabilirim ki? Bir yerde toplanamayacak kadar da\u011f\u0131n\u0131k bir zihne sahibim ben. Evet her s\u0131k\u0131\u015ft\u0131\u011f\u0131mda yazar\u0131m ama kendi i\u00e7imde s\u0131k\u0131\u015f\u0131p un ufak olana kadar \u00e7ok\u00e7a ta\u015far\u0131m d\u0131\u015far\u0131ya. Ses desibelim de y\u00fckselir heyecan\u0131ma ba\u011fl\u0131 olarak. H\u0131zla kurdu\u011fum c\u00fcmlelerin aras\u0131nda ald\u0131\u011f\u0131m kesik nefeslerim havaya kar\u0131\u015f\u0131rken fikirlerimi s\u00f6ylemekten geri duramam ki. \u0130yi midir k\u00f6t\u00fc m\u00fcd\u00fcr bilemem. Haks\u0131zm\u0131\u015f\u0131m, yanl\u0131\u015fm\u0131\u015f\u0131m, a\u015f\u0131r\u0131ym\u0131\u015f\u0131m, \u00f6nemi var m\u0131?\u00a0<\/span><\/p>\n<p><span style=\"font-weight: 400;\">Ben hayallerimi, d\u00fc\u015f\u00fcncelerimi, duygular\u0131m\u0131, hislerimi; ben kendimi bir amaca, bir sayfaya, birka\u00e7 k\u0131sa c\u00fcmleye s\u0131\u011fd\u0131ramam ki. Hem hayat her zaman b\u00fcy\u00fck bir sab\u0131r ve dinginlikle olanlar\u0131 kabul etmek i\u00e7in biraz \u2018fazla\u2019 de\u011fil midir? Yeterine a\u015f\u0131r\u0131 olan bu hayata bir ben fazla olamam. Bahsetmek istedi\u011fim bana da bir yer vermek zorunda olunmas\u0131 de\u011fil, bir yer edinmenin asl\u0131nda \u00e7ok da \u00f6nemli olmamas\u0131.\u00a0<\/span><\/p>\n<p><span style=\"font-weight: 400;\">\u00a0Hem zaten beni bir kenara gitseler de benden k\u00f6\u015fe bucak saklansalar da fark etmez. \u015eayet bir yol kenar\u0131na g\u00f6lgelerimiz denk d\u00fc\u015ferse ge\u00e7erken etraf\u0131mda a\u00e7t\u0131rd\u0131\u011f\u0131m \u00e7i\u00e7eklere her bakt\u0131klar\u0131nda ard\u0131mda b\u0131rakt\u0131\u011f\u0131m izlerle beni her yerde g\u00f6receklerdir.\u00a0<\/span><\/p>\n<p><span style=\"font-weight: 400;\">Buraday\u0131m, yazd\u0131\u011f\u0131m bu sat\u0131rlarday\u0131m. Oradayd\u0131m, \u00e7imenlerin aras\u0131nda uzan\u0131rken elimi omzuma konan kelebe\u011fe uzatm\u0131\u015ft\u0131m. Her yerde olaca\u011f\u0131m, yani beni susturmak i\u00e7in bile olsa yakalayamazs\u0131n. Evet burada, anday\u0131m; orada, an\u0131lardayd\u0131m ve her yerde an\u0131lan olaca\u011f\u0131m. Benim hayk\u0131racak nefesim hep olur, kendimi teke indirgeyemem. Bunun yerine o an i\u00e7imden ge\u00e7enleri yazd\u0131\u011f\u0131m k\u00f6\u015felerde bana ayr\u0131lan birka\u00e7 y\u00fczl\u00fck kelimeye s\u0131\u011fd\u0131rmaya \u00e7al\u0131\u015fsam olmaz m\u0131? Ama\u00e7lar\u0131m\u0131 yan yana s\u0131ralad\u0131\u011f\u0131m kelimelerle ifade etsem ve her sat\u0131r aral\u0131\u011f\u0131na hislerimi i\u015flesem.\u00a0<\/span><\/p>\n<p><span style=\"font-weight: 400;\">Yazar olmay\u0131 hep kal\u0131plara s\u0131\u011fd\u0131r\u0131rd\u0131m ve ya\u015fama dair olumsuz \u00f6n yarg\u0131lar\u0131mla kendimi bo\u011fard\u0131m. \u015eimdi d\u00fc\u015f\u00fcn\u00fcnce ne ya\u015far ne de yazar olmak i\u00e7in herhangi bir kritere uymak zorunda olmad\u0131\u011f\u0131m\u0131 anl\u0131yorum. Nas\u0131l ya\u015famaya devam edece\u011fimi d\u00fc\u015f\u00fcnerek kendimi canl\u0131 tutuyorsam, bazen akl\u0131mda yaz\u0131p dillendiriyor bazense kalemi ka\u011f\u0131tla bulu\u015fturup yaz\u0131yorum.\u00a0 Ben bir yazar\u0131m \u00e7\u00fcnk\u00fc ben hep yazar\u0131m. Ben bir yazar\u0131m \u00e7\u00fcnk\u00fc ben bu c\u00fcmlelerin yazan\u0131y\u0131m.<\/span><\/p>\n<p><span style=\"font-weight: 400;\">Yazar: K\u00fcbra Da\u011fl\u0131<\/span><\/p>\n<p><span style=\"font-weight: 400;\">G\u00f6rsel Kaynak:<\/span><a href=\"https:\/\/pin.it\/585dSaYXX\"><span style=\"font-weight: 400;\">https:\/\/pin.it\/585dSaYXX<\/span><\/a><\/p>\n","protected":false},"excerpt":{"rendered":"<p>Ama ben \u00e7imenlerin aras\u0131nda uzanm\u0131\u015f, \u00f6n\u00fcmdeki deftere k\u0131rm\u0131z\u0131 kalemimle bir \u015feyler karalad\u0131\u011f\u0131m s\u0131rada dolan sayfalar\u0131 \u00e7evirirken olu\u015fan o esintinin i\u00e7indeyim.<\/p>\n","protected":false},"author":1,"featured_media":5273,"comment_status":"open","ping_status":"open","sticky":false,"template":"","format":"standard","meta":{"footnotes":""},"categories":[2,4,1],"tags":[],"yoast_head":"<!-- This site is optimized with the Yoast SEO plugin v21.0 - https:\/\/yoast.com\/wordpress\/plugins\/seo\/ -->\n<title>An\u0131larda, Anda ve An\u0131lan Olan | Ak\u0131l Defterim<\/title>\n<meta name=\"description\" content=\"Psikoloji \u00f6\u011frencilerinin kaleminden yaz\u0131lar.\" \/>\n<meta name=\"robots\" content=\"index, follow, max-snippet:-1, max-image-preview:large, max-video-preview:-1\" \/>\n<link rel=\"canonical\" href=\"https:\/\/www.tpocg.org\/blog\/anilarda-anda-ve-anilan-olan\" \/>\n<meta property=\"og:locale\" content=\"tr_TR\" \/>\n<meta property=\"og:type\" content=\"article\" \/>\n<meta property=\"og:title\" content=\"An\u0131larda, Anda ve An\u0131lan Olan | Ak\u0131l Defterim\" \/>\n<meta property=\"og:description\" content=\"Psikoloji \u00f6\u011frencilerinin kaleminden yaz\u0131lar.\" \/>\n<meta property=\"og:url\" content=\"https:\/\/www.tpocg.org\/blog\/anilarda-anda-ve-anilan-olan\" \/>\n<meta property=\"og:site_name\" content=\"Ak\u0131l Defterim\" \/>\n<meta property=\"article:publisher\" content=\"https:\/\/www.facebook.com\/tpocg\" \/>\n<meta property=\"article:published_time\" content=\"2024-07-25T16:36:03+00:00\" \/>\n<meta property=\"article:modified_time\" content=\"2024-07-27T05:49:47+00:00\" \/>\n<meta property=\"og:image\" content=\"https:\/\/www.tpocg.org\/blog\/wp-content\/uploads\/2024\/07\/Copy-of-AnilardaAnda.jpeg\" \/>\n\t<meta property=\"og:image:width\" content=\"735\" \/>\n\t<meta property=\"og:image:height\" content=\"900\" \/>\n\t<meta property=\"og:image:type\" content=\"image\/jpeg\" \/>\n<meta name=\"author\" content=\"Blog Admin\" \/>\n<meta name=\"twitter:card\" content=\"summary_large_image\" \/>\n<meta name=\"twitter:creator\" content=\"@tpocg\" \/>\n<meta name=\"twitter:site\" content=\"@tpocg\" \/>\n<meta name=\"twitter:label1\" content=\"Yazan:\" \/>\n\t<meta name=\"twitter:data1\" content=\"Blog Admin\" \/>\n\t<meta name=\"twitter:label2\" content=\"Tahmini okuma s\u00fcresi\" \/>\n\t<meta name=\"twitter:data2\" content=\"3 dakika\" \/>\n<script type=\"application\/ld+json\" class=\"yoast-schema-graph\">{\"@context\":\"https:\/\/schema.org\",\"@graph\":[{\"@type\":\"Article\",\"@id\":\"https:\/\/www.tpocg.org\/blog\/anilarda-anda-ve-anilan-olan#article\",\"isPartOf\":{\"@id\":\"https:\/\/www.tpocg.org\/blog\/anilarda-anda-ve-anilan-olan\"},\"author\":{\"name\":\"Blog Admin\",\"@id\":\"http:\/\/www.tpocg.org\/blog\/#\/schema\/person\/b6b992d3f2452cbd7690555a22e946a7\"},\"headline\":\"An\u0131larda, Anda ve An\u0131lan Olan\",\"datePublished\":\"2024-07-25T16:36:03+00:00\",\"dateModified\":\"2024-07-27T05:49:47+00:00\",\"mainEntityOfPage\":{\"@id\":\"https:\/\/www.tpocg.org\/blog\/anilarda-anda-ve-anilan-olan\"},\"wordCount\":539,\"commentCount\":0,\"publisher\":{\"@id\":\"http:\/\/www.tpocg.org\/blog\/#organization\"},\"articleSection\":[\"Blog\",\"Denemeler\"],\"inLanguage\":\"tr\",\"potentialAction\":[{\"@type\":\"CommentAction\",\"name\":\"Comment\",\"target\":[\"https:\/\/www.tpocg.org\/blog\/anilarda-anda-ve-anilan-olan#respond\"]}]},{\"@type\":\"WebPage\",\"@id\":\"https:\/\/www.tpocg.org\/blog\/anilarda-anda-ve-anilan-olan\",\"url\":\"https:\/\/www.tpocg.org\/blog\/anilarda-anda-ve-anilan-olan\",\"name\":\"An\u0131larda, Anda ve An\u0131lan Olan | Ak\u0131l Defterim\",\"isPartOf\":{\"@id\":\"http:\/\/www.tpocg.org\/blog\/#website\"},\"datePublished\":\"2024-07-25T16:36:03+00:00\",\"dateModified\":\"2024-07-27T05:49:47+00:00\",\"description\":\"Psikoloji \u00f6\u011frencilerinin kaleminden yaz\u0131lar.\",\"breadcrumb\":{\"@id\":\"https:\/\/www.tpocg.org\/blog\/anilarda-anda-ve-anilan-olan#breadcrumb\"},\"inLanguage\":\"tr\",\"potentialAction\":[{\"@type\":\"ReadAction\",\"target\":[\"https:\/\/www.tpocg.org\/blog\/anilarda-anda-ve-anilan-olan\"]}]},{\"@type\":\"BreadcrumbList\",\"@id\":\"https:\/\/www.tpocg.org\/blog\/anilarda-anda-ve-anilan-olan#breadcrumb\",\"itemListElement\":[{\"@type\":\"ListItem\",\"position\":1,\"name\":\"Ana sayfa\",\"item\":\"http:\/\/www.tpocg.org\/blog\"},{\"@type\":\"ListItem\",\"position\":2,\"name\":\"An\u0131larda, Anda ve An\u0131lan Olan\"}]},{\"@type\":\"WebSite\",\"@id\":\"http:\/\/www.tpocg.org\/blog\/#website\",\"url\":\"http:\/\/www.tpocg.org\/blog\/\",\"name\":\"Ak\u0131l Defterim\",\"description\":\"Psikoloji \u00d6\u011frencilerinden Yaz\u0131lar\",\"publisher\":{\"@id\":\"http:\/\/www.tpocg.org\/blog\/#organization\"},\"potentialAction\":[{\"@type\":\"SearchAction\",\"target\":{\"@type\":\"EntryPoint\",\"urlTemplate\":\"http:\/\/www.tpocg.org\/blog\/?s={search_term_string}\"},\"query-input\":\"required name=search_term_string\"}],\"inLanguage\":\"tr\"},{\"@type\":\"Organization\",\"@id\":\"http:\/\/www.tpocg.org\/blog\/#organization\",\"name\":\"TP\u00d6\u00c7G\",\"url\":\"http:\/\/www.tpocg.org\/blog\/\",\"logo\":{\"@type\":\"ImageObject\",\"inLanguage\":\"tr\",\"@id\":\"http:\/\/www.tpocg.org\/blog\/#\/schema\/logo\/image\/\",\"url\":\"http:\/\/www.tpocg.org\/blog\/wp-content\/uploads\/2016\/03\/fav.jpg\",\"contentUrl\":\"http:\/\/www.tpocg.org\/blog\/wp-content\/uploads\/2016\/03\/fav.jpg\",\"width\":72,\"height\":72,\"caption\":\"TP\u00d6\u00c7G\"},\"image\":{\"@id\":\"http:\/\/www.tpocg.org\/blog\/#\/schema\/logo\/image\/\"},\"sameAs\":[\"https:\/\/www.facebook.com\/tpocg\",\"https:\/\/twitter.com\/tpocg\",\"https:\/\/www.instagram.com\/tpocg\",\"https:\/\/www.youtube.com\/user\/TPOCG\"]},{\"@type\":\"Person\",\"@id\":\"http:\/\/www.tpocg.org\/blog\/#\/schema\/person\/b6b992d3f2452cbd7690555a22e946a7\",\"name\":\"Blog Admin\",\"image\":{\"@type\":\"ImageObject\",\"inLanguage\":\"tr\",\"@id\":\"http:\/\/www.tpocg.org\/blog\/#\/schema\/person\/image\/\",\"url\":\"https:\/\/secure.gravatar.com\/avatar\/1b70e439e4144c025102aa6c5b0f996b?s=96&d=mm&r=g\",\"contentUrl\":\"https:\/\/secure.gravatar.com\/avatar\/1b70e439e4144c025102aa6c5b0f996b?s=96&d=mm&r=g\",\"caption\":\"Blog Admin\"},\"url\":\"https:\/\/www.tpocg.org\/blog\/author\/blog-admin\"}]}<\/script>\n<!-- \/ Yoast SEO plugin. -->","yoast_head_json":{"title":"An\u0131larda, Anda ve An\u0131lan Olan | Ak\u0131l Defterim","description":"Psikoloji \u00f6\u011frencilerinin kaleminden yaz\u0131lar.","robots":{"index":"index","follow":"follow","max-snippet":"max-snippet:-1","max-image-preview":"max-image-preview:large","max-video-preview":"max-video-preview:-1"},"canonical":"https:\/\/www.tpocg.org\/blog\/anilarda-anda-ve-anilan-olan","og_locale":"tr_TR","og_type":"article","og_title":"An\u0131larda, Anda ve An\u0131lan Olan | Ak\u0131l Defterim","og_description":"Psikoloji \u00f6\u011frencilerinin kaleminden yaz\u0131lar.","og_url":"https:\/\/www.tpocg.org\/blog\/anilarda-anda-ve-anilan-olan","og_site_name":"Ak\u0131l Defterim","article_publisher":"https:\/\/www.facebook.com\/tpocg","article_published_time":"2024-07-25T16:36:03+00:00","article_modified_time":"2024-07-27T05:49:47+00:00","og_image":[{"width":735,"height":900,"url":"https:\/\/www.tpocg.org\/blog\/wp-content\/uploads\/2024\/07\/Copy-of-AnilardaAnda.jpeg","type":"image\/jpeg"}],"author":"Blog Admin","twitter_card":"summary_large_image","twitter_creator":"@tpocg","twitter_site":"@tpocg","twitter_misc":{"Yazan:":"Blog Admin","Tahmini okuma s\u00fcresi":"3 dakika"},"schema":{"@context":"https:\/\/schema.org","@graph":[{"@type":"Article","@id":"https:\/\/www.tpocg.org\/blog\/anilarda-anda-ve-anilan-olan#article","isPartOf":{"@id":"https:\/\/www.tpocg.org\/blog\/anilarda-anda-ve-anilan-olan"},"author":{"name":"Blog Admin","@id":"http:\/\/www.tpocg.org\/blog\/#\/schema\/person\/b6b992d3f2452cbd7690555a22e946a7"},"headline":"An\u0131larda, Anda ve An\u0131lan Olan","datePublished":"2024-07-25T16:36:03+00:00","dateModified":"2024-07-27T05:49:47+00:00","mainEntityOfPage":{"@id":"https:\/\/www.tpocg.org\/blog\/anilarda-anda-ve-anilan-olan"},"wordCount":539,"commentCount":0,"publisher":{"@id":"http:\/\/www.tpocg.org\/blog\/#organization"},"articleSection":["Blog","Denemeler"],"inLanguage":"tr","potentialAction":[{"@type":"CommentAction","name":"Comment","target":["https:\/\/www.tpocg.org\/blog\/anilarda-anda-ve-anilan-olan#respond"]}]},{"@type":"WebPage","@id":"https:\/\/www.tpocg.org\/blog\/anilarda-anda-ve-anilan-olan","url":"https:\/\/www.tpocg.org\/blog\/anilarda-anda-ve-anilan-olan","name":"An\u0131larda, Anda ve An\u0131lan Olan | Ak\u0131l Defterim","isPartOf":{"@id":"http:\/\/www.tpocg.org\/blog\/#website"},"datePublished":"2024-07-25T16:36:03+00:00","dateModified":"2024-07-27T05:49:47+00:00","description":"Psikoloji \u00f6\u011frencilerinin kaleminden yaz\u0131lar.","breadcrumb":{"@id":"https:\/\/www.tpocg.org\/blog\/anilarda-anda-ve-anilan-olan#breadcrumb"},"inLanguage":"tr","potentialAction":[{"@type":"ReadAction","target":["https:\/\/www.tpocg.org\/blog\/anilarda-anda-ve-anilan-olan"]}]},{"@type":"BreadcrumbList","@id":"https:\/\/www.tpocg.org\/blog\/anilarda-anda-ve-anilan-olan#breadcrumb","itemListElement":[{"@type":"ListItem","position":1,"name":"Ana sayfa","item":"http:\/\/www.tpocg.org\/blog"},{"@type":"ListItem","position":2,"name":"An\u0131larda, Anda ve An\u0131lan Olan"}]},{"@type":"WebSite","@id":"http:\/\/www.tpocg.org\/blog\/#website","url":"http:\/\/www.tpocg.org\/blog\/","name":"Ak\u0131l Defterim","description":"Psikoloji \u00d6\u011frencilerinden Yaz\u0131lar","publisher":{"@id":"http:\/\/www.tpocg.org\/blog\/#organization"},"potentialAction":[{"@type":"SearchAction","target":{"@type":"EntryPoint","urlTemplate":"http:\/\/www.tpocg.org\/blog\/?s={search_term_string}"},"query-input":"required name=search_term_string"}],"inLanguage":"tr"},{"@type":"Organization","@id":"http:\/\/www.tpocg.org\/blog\/#organization","name":"TP\u00d6\u00c7G","url":"http:\/\/www.tpocg.org\/blog\/","logo":{"@type":"ImageObject","inLanguage":"tr","@id":"http:\/\/www.tpocg.org\/blog\/#\/schema\/logo\/image\/","url":"http:\/\/www.tpocg.org\/blog\/wp-content\/uploads\/2016\/03\/fav.jpg","contentUrl":"http:\/\/www.tpocg.org\/blog\/wp-content\/uploads\/2016\/03\/fav.jpg","width":72,"height":72,"caption":"TP\u00d6\u00c7G"},"image":{"@id":"http:\/\/www.tpocg.org\/blog\/#\/schema\/logo\/image\/"},"sameAs":["https:\/\/www.facebook.com\/tpocg","https:\/\/twitter.com\/tpocg","https:\/\/www.instagram.com\/tpocg","https:\/\/www.youtube.com\/user\/TPOCG"]},{"@type":"Person","@id":"http:\/\/www.tpocg.org\/blog\/#\/schema\/person\/b6b992d3f2452cbd7690555a22e946a7","name":"Blog Admin","image":{"@type":"ImageObject","inLanguage":"tr","@id":"http:\/\/www.tpocg.org\/blog\/#\/schema\/person\/image\/","url":"https:\/\/secure.gravatar.com\/avatar\/1b70e439e4144c025102aa6c5b0f996b?s=96&d=mm&r=g","contentUrl":"https:\/\/secure.gravatar.com\/avatar\/1b70e439e4144c025102aa6c5b0f996b?s=96&d=mm&r=g","caption":"Blog Admin"},"url":"https:\/\/www.tpocg.org\/blog\/author\/blog-admin"}]}},"_links":{"self":[{"href":"https:\/\/www.tpocg.org\/blog\/wp-json\/wp\/v2\/posts\/5272"}],"collection":[{"href":"https:\/\/www.tpocg.org\/blog\/wp-json\/wp\/v2\/posts"}],"about":[{"href":"https:\/\/www.tpocg.org\/blog\/wp-json\/wp\/v2\/types\/post"}],"author":[{"embeddable":true,"href":"https:\/\/www.tpocg.org\/blog\/wp-json\/wp\/v2\/users\/1"}],"replies":[{"embeddable":true,"href":"https:\/\/www.tpocg.org\/blog\/wp-json\/wp\/v2\/comments?post=5272"}],"version-history":[{"count":1,"href":"https:\/\/www.tpocg.org\/blog\/wp-json\/wp\/v2\/posts\/5272\/revisions"}],"predecessor-version":[{"id":5274,"href":"https:\/\/www.tpocg.org\/blog\/wp-json\/wp\/v2\/posts\/5272\/revisions\/5274"}],"wp:featuredmedia":[{"embeddable":true,"href":"https:\/\/www.tpocg.org\/blog\/wp-json\/wp\/v2\/media\/5273"}],"wp:attachment":[{"href":"https:\/\/www.tpocg.org\/blog\/wp-json\/wp\/v2\/media?parent=5272"}],"wp:term":[{"taxonomy":"category","embeddable":true,"href":"https:\/\/www.tpocg.org\/blog\/wp-json\/wp\/v2\/categories?post=5272"},{"taxonomy":"post_tag","embeddable":true,"href":"https:\/\/www.tpocg.org\/blog\/wp-json\/wp\/v2\/tags?post=5272"}],"curies":[{"name":"wp","href":"https:\/\/api.w.org\/{rel}","templated":true}]}}