{"id":5082,"date":"2024-03-07T12:21:39","date_gmt":"2024-03-07T09:21:39","guid":{"rendered":"https:\/\/www.tpocg.org\/blog\/?p=5082"},"modified":"2024-03-07T12:21:39","modified_gmt":"2024-03-07T09:21:39","slug":"abi-kardes-gibi","status":"publish","type":"post","link":"https:\/\/www.tpocg.org\/blog\/abi-kardes-gibi","title":{"rendered":"Abi Karde\u015f Gibi"},"content":{"rendered":"<p>(Bu yaz\u0131n\u0131n okunma s\u00fcresi yakla\u015f\u0131k olarak 4 dakikad\u0131r.)<br \/>\nCamdan d\u0131\u015far\u0131ya bakmak&#8230; Hele bir otob\u00fcs, araba cam\u0131ysa&#8230; Her \u015feyin akt\u0131\u011f\u0131, hi\u00e7bir \u015feyin tak\u0131l\u0131 kalmad\u0131\u011f\u0131 bir \u00e2n, d\u00fc\u015f\u00fcncelerin bile. Ne zaman nerede olursa olsun insan\u0131 farkl\u0131 bir yere g\u00f6t\u00fcr\u00fcyor. Arabalar, a\u011fa\u00e7lar, insanlar bir bir k\u00fc\u00e7\u00fcl\u00fcyor. Uzaklara bakmak iyi geliyor bir yandan. \u00c7\u00fcnk\u00fc yak\u0131nlarda o kadar g\u00f6m\u00fcl\u00fcyorsun ki nefes almak, uzakla\u015fmak istiyorsun. \u00c7\u00fcnk\u00fc yan\u0131 ba\u015f\u0131n o kadar a\u011f\u0131r geliyor ki uzaklarda ferahlamak istiyorsun. Her \u015feyin ak\u0131p ge\u00e7ti\u011fi ba\u015fka bir yer var m\u0131 bilmem. Bazen de, ya gitti\u011fin yere varmak istemiyorsun ya da nereye varaca\u011f\u0131n\u0131 bilemiyorsun. Uzaklara bak\u0131yorsun, sadece uzaklara ve d\u00fc\u015f\u00fcncelerinde bile \u00e7\u0131kamad\u0131\u011f\u0131n ger\u00e7eklere.<br \/>\nT\u00fcm bu d\u00fc\u015f\u00fcncelerin beni esir etti\u011fi ikinci saatimizdeydik abimle yolculu\u011fumuzun. \u015eof\u00f6r koltu\u011funu; ya\u015f\u0131yla, deneyimiyle ya da sadece istedi\u011fi ger\u00e7e\u011fiyle ele ge\u00e7irmi\u015fti. Ben ise hem ondan daha \u00f6nce do\u011famad\u0131\u011f\u0131m gibi hem de araba s\u00fcrmeye onun kadar istek g\u00f6stermemi\u015ftim. Bunun bedelini; derin d\u00fc\u015f\u00fcncelere dalmakla ve m\u00fczik se\u00e7imini yapamamakla \u00f6d\u00fcyordum. \u00dc\u00e7\u00fcnc\u00fc Erkin Koray \u015fark\u0131s\u0131ndan sonra Cem Karaca\u2019ya ge\u00e7i\u015f yapmas\u0131 beni bir nebze rahatlatm\u0131\u015ft\u0131 ger\u00e7i. Tamirci \u00c7\u0131ra\u011f\u0131\u2019n\u0131 dinlerken e\u015flik etmeyi seviyordum. Ne de olsa biz \u00fcmitsiz gen\u00e7li\u011fe \u201ccuk\u201d oturuyordu. Yol boyunca birbirimizle ileti\u015fim nam\u0131na kuraca\u011f\u0131m\u0131z 17 kelimeden alt\u0131nc\u0131s\u0131 abimden gelmi\u015fti; \u201cSoldan m\u0131?\u201d \u201cEvet abi soldan\u201d (Her zamanki gibi).<br \/>\n\u0130lk iki saatte bol bol inceleme f\u0131rsat\u0131 buldu\u011fum da\u011flar, art\u0131k g\u00f6z\u00fcmde birtak\u0131m sil\u00fcetler uyand\u0131r\u0131r olmu\u015ftu. \u0130lk olarak y\u00fcksek bir da\u011f\u0131n k\u00fc\u00e7\u00fck bir dalga halinde i\u00e7e b\u00fck\u00fcld\u00fc\u011f\u00fc k\u0131s\u0131m, ka\u015flar\u0131 \u00e7at\u0131lm\u0131\u015f birini and\u0131r\u0131yordu bana. \u00c7\u0131plak ve bir o kadar da kayal\u0131kl\u0131 da\u011flar; kel insanlar\u0131 canland\u0131rmam\u0131 sa\u011flad\u0131 g\u00f6z\u00fcmde. A\u011fa\u00e7lar da da\u011f\u0131 kaplad\u0131\u011f\u0131 \u00f6l\u00e7\u00fcde kimi zaman sa\u00e7\u0131, kimi zaman ka\u015f\u0131 ve yeterince uzun s\u00fcre bakarsam papyon haline getirebildi\u011fim bir sanr\u0131ya d\u00f6n\u00fc\u015febiliyordu.<br \/>\nD\u0131\u015far\u0131ya bu kadar uzun bakt\u0131ktan sonra beni buna iten \u015feyi d\u00fc\u015f\u00fcnd\u00fcm. Yan\u0131mda bana en yak\u0131n yabanc\u0131lardan biriyle uzun bir yolculuk yapaca\u011f\u0131m ger\u00e7e\u011fini hat\u0131rlad\u0131m.  Bu ger\u00e7ek, aile hakk\u0131nda daha fazla d\u00fc\u015f\u00fcnmemi sa\u011fl\u0131yordu. Aileyle ba\u015flayan her c\u00fcmle, ki\u015finin istedi\u011fi gibi bitebilir bence. \u0130stedi\u011fi duyguyu, istedi\u011fi kelimelerle, istedi\u011fi bak\u0131\u015flarla anlatmaya hakk\u0131 var. Minnet de duyabilirsin, k\u0131zg\u0131nl\u0131k da \u00f6fke de \u015fefkat de. Bunca z\u0131t duygunun bir arada ya\u015fanabilece\u011fi bir yer buras\u0131. Fiziksel olarak \u201caile evi\u201d, ruhen i\u00e7indeki bin bir par\u00e7a. Belki, hepsi kopuyor zamanla, belki kendi aileni kuruncaya kadar anlam\u0131yorsun bir yerde. Ama ya\u015f\u0131yorsun, aileni ya\u015f\u0131yorsun.<br \/>\n<strong>Ayn\u0131 evi, ayn\u0131 \u00e7ocukluk an\u0131lar\u0131n\u0131 payla\u015ft\u0131\u011f\u0131m bu ki\u015fi de benim hayat\u0131mda bir yer kapl\u0131yordu. Bizden istenilen; g\u00fcl\u00fcp e\u011flenip, yeri geldi\u011finde de sayg\u0131 duyup, yerimi bilmem y\u00f6n\u00fcndeydi. Abi-karde\u015f gibi olmal\u0131yd\u0131k.<\/strong> T\u0131pk\u0131 \u00e7ok iyi anla\u015fan, ya\u015f fark\u0131na sahip iki arkada\u015f gibi. Onun a\u00e7\u0131s\u0131ndan da g\u00f6z kulak olmas\u0131 gereken, hayat\u0131na dair \u00e7o\u011funlukla maddi konularda bilgi almak zorunda oldu\u011fu biriydim belki de.  \u015eimdi ben bu beklentiyi kar\u015f\u0131layamad\u0131\u011f\u0131m\u0131z i\u00e7in kendimde bir yara hissediyordum, b\u00fcy\u00fck bir yara. Bunu d\u00fczeltmek i\u00e7in bir \u00e7aba vermem gerekiyordu.<br \/>\nTan\u0131\u015f\u0131kl\u0131\u011f\u0131m\u0131z\u0131n ilk 15 y\u0131l\u0131 ayn\u0131 evde ge\u00e7se de sonraki y\u0131llarla beraber; \u015fehirlerimizde, ilgilerimizde, zihinlerimizde de\u011fi\u015fmi\u015fti. Bu da zaten halihaz\u0131rdaki kopuk ba\u011flar\u0131 onar\u0131lamaz k\u0131lm\u0131\u015ft\u0131. \u0130\u015fin garibi o ba\u011flar\u0131n da ne oldu\u011funu bilmiyordum. Kan ba\u011f\u0131n\u0131 anlayabiliyorum, ortak anne-baba da bir yerde birbirimize kar\u015f\u0131 tav\u0131r alabilece\u011fimiz ya da bir araya gelebilece\u011fimiz bir alan olu\u015fturuyordu. \u00c7ocukluk an\u0131lar\u0131 da \u00f6yle, en masum zamanlar. Hepsi birer birer en saf haliyle hatr\u0131m\u0131zda. Ama bunlar\u0131 konu\u015fup, \u00fczerine de\u011finemeyince ne anlam\u0131 var bunca an\u0131n\u0131n? Ne anlam\u0131 var, salonda \u00e7oraptan top yap\u0131p oynad\u0131\u011f\u0131m\u0131z g\u00fcnleri birbirimize tekrar anlatamad\u0131ktan sonra? Karde\u015f ne demekti ki zaten. Birbirinizden maddi manevi sorumlu olmam\u0131z\u0131 sa\u011flayan \u015fey neydi? Ona kar\u015f\u0131 duygusal sorumluluk hissetmeli miydim? Bilemiyordum. Bildi\u011fim tek \u015fey; en eski k\u00fc\u00e7\u00fckl\u00fck foto\u011fraf\u0131m\u0131n, \u0131slanm\u0131\u015f k\u0131yafetlerle yan\u0131mda oturan ki\u015fiyle \u00e7ekildi\u011fini biliyordum. O foto\u011fraf\u0131 d\u00fc\u015f\u00fcnd\u00fcm bir s\u00fcre. Daha sonra ba\u015f\u0131m\u0131 m\u00fcmk\u00fcn oldu\u011funca sabit tutarak g\u00f6zlerimi; bir eliyle direksiyonu, di\u011fer eliyle m\u00fczik de\u011fi\u015ftirmek i\u00e7in telefonu tutan abime \u00e7evirdim. Her ne kadar ba\u015f\u0131m\u0131 direkt ona \u00e7eviremesem de g\u00f6zlerim elverdi\u011fince ona bakmaya \u00e7al\u0131\u015ft\u0131m. Y\u00fcz\u00fcndeki sakallar, seyrekle\u015fen sa\u00e7\u0131, biraz daha tombulla\u015fm\u0131\u015f y\u00fcz\u00fcyle o an\u0131lardakinden \u00e7ok farkl\u0131yd\u0131. Bunlar\u0131n yan\u0131nda art\u0131k daha k\u0131sa c\u00fcmleler kuruyor, daha az g\u00fcl\u00fcyor ve g\u00f6z temas\u0131 kurmay\u0131 da \u00e7ok uzun s\u00fcre \u00f6nce b\u0131rakm\u0131\u015ft\u0131.<br \/>\nTam bu s\u0131rada ikinci Cem Karaca \u015fark\u0131s\u0131 geldi; \u201c\u00c7ooook yorguunumm.\u201d \u015eark\u0131, s\u00f6zlerle beraber v\u00fccuduma iyice bir a\u011f\u0131rl\u0131k kazand\u0131rm\u0131\u015f, cam\u0131 biraz daha aralamam\u0131 sa\u011flam\u0131\u015ft\u0131. Art\u0131k bakacak bir yer kalmam\u0131\u015f olmas\u0131n\u0131n verdi\u011fi s\u0131k\u0131nt\u0131yla torpidoyu a\u00e7t\u0131m. Bir s\u00fcr\u00fc fi\u015f, \u0131slak mendil, birka\u00e7 ajanda, otuz \u00fc\u00e7l\u00fc tespih ve uzun s\u00fcredir orada oldu\u011fu k\u0131r\u0131\u015f\u0131kl\u0131\u011f\u0131ndan anla\u015f\u0131lan 5 lira. Be\u015f liray\u0131 elimle d\u00fczle\u015ftirip c\u00fczdan\u0131ma koydum. Yorgunlu\u011fumu tekrar hat\u0131rlayarak iki elimle y\u00fcz\u00fcm\u00fc ovu\u015fturduktan sonra, arkaya yaslanarak g\u00f6zlerimi dinlendirmeye ba\u015flad\u0131m. Bu yar\u0131 uyku halinde ge\u00e7ecek olan uzun bir kestirmenin ba\u015flang\u0131c\u0131yd\u0131. Da\u011flar, ovalar, \u015fehirler, yollar ve saatler ge\u00e7ti. D\u00fc\u015f\u00fcncelerimin verdi\u011fi yorgunlukla i\u00e7ime k\u0131vr\u0131l\u0131rken, g\u00f6zlerimin d\u0131\u015f\u0131nda akan \u015feyler, farkl\u0131 imgelerle zihnimden bir \u015ferit halinde ge\u00e7iyordu. Bir \u00e7e\u015fit trans i\u00e7inde dal\u0131p gitmi\u015fken, sol omzuma bir elin temas etti\u011fini hissettim. G\u00f6zlerimi a\u00e7t\u0131\u011f\u0131mda ilk fark etti\u011fim durmu\u015f olmam\u0131zd\u0131. D\u00f6nd\u00fc\u011f\u00fcmde abim bana bak\u0131yordu. On birinci kelime yine onun a\u011fz\u0131ndan geldi: \u201cBen yoruldum, gel sen s\u00fcr.\u201d<br \/>\n\u0130nsan hani uzun s\u00fcredir hak etti\u011fi bir \u015feyi elde edince di\u015flerini g\u00f6stermeden tebess\u00fcm eder ya, i\u015fte o \u015fekilde i\u00e7imde bir heyecan ve mutluluk dalgas\u0131yla kap\u0131y\u0131 a\u00e7arak \u015fof\u00f6r koltu\u011funa oturdum. Bu ilk tatl\u0131 heyecan\u0131n verdi\u011fi ay\u0131lmayla; arabay\u0131 s\u00fcrmeye ba\u015flad\u0131ktan on dakika sonra, m\u00fczi\u011fin kapanm\u0131\u015f oldu\u011funu fark ettim. Yine ba\u015f\u0131m\u0131 \u00e7evirmeden g\u00f6zlerimin ucuyla kontrol etti\u011fim abim, \u00e7oktan tam bir uykuya ge\u00e7mi\u015fti. O y\u00fczden m\u00fczik onu rahats\u0131z etmezdi. Kimse benim oldu\u011fum yerde Anadolu Rock a\u00e7amazd\u0131. Telefonumu a\u00e7\u0131p hoparl\u00f6re ba\u011flad\u0131ktan sonra, \u00fc\u00e7\u00fcnc\u00fc Cem Karaca \u015fark\u0131s\u0131 benden geldi; \u201cBir g\u00fcn belki hayattan, ge\u00e7mi\u015fteki g\u00fcnlerden, bir teselli arars\u0131n, bak o zaman resmimeee, g\u00f6r akan o ya\u015flar\u0131\u201d (Resimdeki G\u00f6zya\u015flar\u0131). Cem Karaca G\u00fclhane\u2019deki konserinde bu \u015fark\u0131y\u0131 s\u00f6ylemeden \u00f6nce \u201cBu \u015fark\u0131y\u0131 sevenler her zaman an\u0131msayacaklard\u0131r, dudaklar\u0131n\u0131n kenar\u0131nda, anlaml\u0131 bir tebess\u00fcmle\u2026\u201d der. Ben de bu tebess\u00fcmle beraber s\u00fcrmeye devam ettim. Hi\u00e7 bitmemesi dile\u011fiyle.<br \/>\nYazar: Burak Bay\u0131k<br \/>\nG\u00f6rsel Kaynak:https:\/\/tr.pinterest.com\/pin\/886294401657254737\/<\/p>\n","protected":false},"excerpt":{"rendered":"<p>Ayn\u0131 evi, ayn\u0131 \u00e7ocukluk an\u0131lar\u0131n\u0131 payla\u015ft\u0131\u011f\u0131m bu ki\u015fi de benim hayat\u0131mda bir yer kapl\u0131yordu. Bizden istenilen; g\u00fcl\u00fcp e\u011flenip, yeri geldi\u011finde de sayg\u0131 duyup, yerimi bilmem y\u00f6n\u00fcndeydi. Abi-karde\u015f gibi olmal\u0131yd\u0131k.<\/p>\n","protected":false},"author":83,"featured_media":5083,"comment_status":"open","ping_status":"open","sticky":false,"template":"","format":"standard","meta":{"footnotes":""},"categories":[2,4,1],"tags":[],"yoast_head":"<!-- This site is optimized with the Yoast SEO plugin v21.0 - https:\/\/yoast.com\/wordpress\/plugins\/seo\/ -->\n<title>Abi Karde\u015f Gibi | Ak\u0131l Defterim<\/title>\n<meta name=\"description\" content=\"Psikoloji \u00f6\u011frencilerinin kaleminden yaz\u0131lar.\" \/>\n<meta name=\"robots\" content=\"index, follow, max-snippet:-1, max-image-preview:large, max-video-preview:-1\" \/>\n<link rel=\"canonical\" href=\"http:\/\/www.tpocg.org\/blog\/abi-kardes-gibi\" \/>\n<meta property=\"og:locale\" content=\"tr_TR\" \/>\n<meta property=\"og:type\" content=\"article\" \/>\n<meta property=\"og:title\" content=\"Abi Karde\u015f Gibi | Ak\u0131l Defterim\" \/>\n<meta property=\"og:description\" content=\"Psikoloji \u00f6\u011frencilerinin kaleminden yaz\u0131lar.\" \/>\n<meta property=\"og:url\" content=\"http:\/\/www.tpocg.org\/blog\/abi-kardes-gibi\" \/>\n<meta property=\"og:site_name\" content=\"Ak\u0131l Defterim\" \/>\n<meta property=\"article:publisher\" content=\"https:\/\/www.facebook.com\/tpocg\" \/>\n<meta property=\"article:published_time\" content=\"2024-03-07T09:21:39+00:00\" \/>\n<meta property=\"og:image\" content=\"http:\/\/www.tpocg.org\/blog\/wp-content\/uploads\/2024\/03\/Abi-Kardes-Gibi-Burak-Bayik.jpg\" \/>\n\t<meta property=\"og:image:width\" content=\"736\" \/>\n\t<meta property=\"og:image:height\" content=\"1059\" \/>\n\t<meta property=\"og:image:type\" content=\"image\/jpeg\" \/>\n<meta name=\"author\" content=\"Burak Bay\u0131k\" \/>\n<meta name=\"twitter:card\" content=\"summary_large_image\" \/>\n<meta name=\"twitter:creator\" content=\"@tpocg\" \/>\n<meta name=\"twitter:site\" content=\"@tpocg\" \/>\n<meta name=\"twitter:label1\" content=\"Yazan:\" \/>\n\t<meta name=\"twitter:data1\" content=\"Burak Bay\u0131k\" \/>\n<script type=\"application\/ld+json\" class=\"yoast-schema-graph\">{\"@context\":\"https:\/\/schema.org\",\"@graph\":[{\"@type\":\"Article\",\"@id\":\"http:\/\/www.tpocg.org\/blog\/abi-kardes-gibi#article\",\"isPartOf\":{\"@id\":\"http:\/\/www.tpocg.org\/blog\/abi-kardes-gibi\"},\"author\":{\"name\":\"Burak Bay\u0131k\",\"@id\":\"http:\/\/www.tpocg.org\/blog\/#\/schema\/person\/b6f6b21335fb32e816c9782b5eb6e0d6\"},\"headline\":\"Abi Karde\u015f Gibi\",\"datePublished\":\"2024-03-07T09:21:39+00:00\",\"dateModified\":\"2024-03-07T09:21:39+00:00\",\"mainEntityOfPage\":{\"@id\":\"http:\/\/www.tpocg.org\/blog\/abi-kardes-gibi\"},\"wordCount\":1300,\"commentCount\":0,\"publisher\":{\"@id\":\"http:\/\/www.tpocg.org\/blog\/#organization\"},\"articleSection\":[\"Blog\",\"Denemeler\"],\"inLanguage\":\"tr\",\"potentialAction\":[{\"@type\":\"CommentAction\",\"name\":\"Comment\",\"target\":[\"http:\/\/www.tpocg.org\/blog\/abi-kardes-gibi#respond\"]}]},{\"@type\":\"WebPage\",\"@id\":\"http:\/\/www.tpocg.org\/blog\/abi-kardes-gibi\",\"url\":\"http:\/\/www.tpocg.org\/blog\/abi-kardes-gibi\",\"name\":\"Abi Karde\u015f Gibi | Ak\u0131l Defterim\",\"isPartOf\":{\"@id\":\"http:\/\/www.tpocg.org\/blog\/#website\"},\"datePublished\":\"2024-03-07T09:21:39+00:00\",\"dateModified\":\"2024-03-07T09:21:39+00:00\",\"description\":\"Psikoloji \u00f6\u011frencilerinin kaleminden yaz\u0131lar.\",\"breadcrumb\":{\"@id\":\"http:\/\/www.tpocg.org\/blog\/abi-kardes-gibi#breadcrumb\"},\"inLanguage\":\"tr\",\"potentialAction\":[{\"@type\":\"ReadAction\",\"target\":[\"http:\/\/www.tpocg.org\/blog\/abi-kardes-gibi\"]}]},{\"@type\":\"BreadcrumbList\",\"@id\":\"http:\/\/www.tpocg.org\/blog\/abi-kardes-gibi#breadcrumb\",\"itemListElement\":[{\"@type\":\"ListItem\",\"position\":1,\"name\":\"Ana sayfa\",\"item\":\"http:\/\/www.tpocg.org\/blog\"},{\"@type\":\"ListItem\",\"position\":2,\"name\":\"Abi Karde\u015f Gibi\"}]},{\"@type\":\"WebSite\",\"@id\":\"http:\/\/www.tpocg.org\/blog\/#website\",\"url\":\"http:\/\/www.tpocg.org\/blog\/\",\"name\":\"Ak\u0131l Defterim\",\"description\":\"Psikoloji \u00d6\u011frencilerinden Yaz\u0131lar\",\"publisher\":{\"@id\":\"http:\/\/www.tpocg.org\/blog\/#organization\"},\"potentialAction\":[{\"@type\":\"SearchAction\",\"target\":{\"@type\":\"EntryPoint\",\"urlTemplate\":\"http:\/\/www.tpocg.org\/blog\/?s={search_term_string}\"},\"query-input\":\"required name=search_term_string\"}],\"inLanguage\":\"tr\"},{\"@type\":\"Organization\",\"@id\":\"http:\/\/www.tpocg.org\/blog\/#organization\",\"name\":\"TP\u00d6\u00c7G\",\"url\":\"http:\/\/www.tpocg.org\/blog\/\",\"logo\":{\"@type\":\"ImageObject\",\"inLanguage\":\"tr\",\"@id\":\"http:\/\/www.tpocg.org\/blog\/#\/schema\/logo\/image\/\",\"url\":\"http:\/\/www.tpocg.org\/blog\/wp-content\/uploads\/2016\/03\/fav.jpg\",\"contentUrl\":\"http:\/\/www.tpocg.org\/blog\/wp-content\/uploads\/2016\/03\/fav.jpg\",\"width\":72,\"height\":72,\"caption\":\"TP\u00d6\u00c7G\"},\"image\":{\"@id\":\"http:\/\/www.tpocg.org\/blog\/#\/schema\/logo\/image\/\"},\"sameAs\":[\"https:\/\/www.facebook.com\/tpocg\",\"https:\/\/twitter.com\/tpocg\",\"https:\/\/www.instagram.com\/tpocg\",\"https:\/\/www.youtube.com\/user\/TPOCG\"]},{\"@type\":\"Person\",\"@id\":\"http:\/\/www.tpocg.org\/blog\/#\/schema\/person\/b6f6b21335fb32e816c9782b5eb6e0d6\",\"name\":\"Burak Bay\u0131k\",\"image\":{\"@type\":\"ImageObject\",\"inLanguage\":\"tr\",\"@id\":\"http:\/\/www.tpocg.org\/blog\/#\/schema\/person\/image\/\",\"url\":\"https:\/\/secure.gravatar.com\/avatar\/fbf0e43096949bdd6a6f67d5f4ed1c79?s=96&d=mm&r=g\",\"contentUrl\":\"https:\/\/secure.gravatar.com\/avatar\/fbf0e43096949bdd6a6f67d5f4ed1c79?s=96&d=mm&r=g\",\"caption\":\"Burak Bay\u0131k\"},\"url\":\"https:\/\/www.tpocg.org\/blog\/author\/burak\"}]}<\/script>\n<!-- \/ Yoast SEO plugin. -->","yoast_head_json":{"title":"Abi Karde\u015f Gibi | Ak\u0131l Defterim","description":"Psikoloji \u00f6\u011frencilerinin kaleminden yaz\u0131lar.","robots":{"index":"index","follow":"follow","max-snippet":"max-snippet:-1","max-image-preview":"max-image-preview:large","max-video-preview":"max-video-preview:-1"},"canonical":"http:\/\/www.tpocg.org\/blog\/abi-kardes-gibi","og_locale":"tr_TR","og_type":"article","og_title":"Abi Karde\u015f Gibi | Ak\u0131l Defterim","og_description":"Psikoloji \u00f6\u011frencilerinin kaleminden yaz\u0131lar.","og_url":"http:\/\/www.tpocg.org\/blog\/abi-kardes-gibi","og_site_name":"Ak\u0131l Defterim","article_publisher":"https:\/\/www.facebook.com\/tpocg","article_published_time":"2024-03-07T09:21:39+00:00","og_image":[{"width":736,"height":1059,"url":"http:\/\/www.tpocg.org\/blog\/wp-content\/uploads\/2024\/03\/Abi-Kardes-Gibi-Burak-Bayik.jpg","type":"image\/jpeg"}],"author":"Burak Bay\u0131k","twitter_card":"summary_large_image","twitter_creator":"@tpocg","twitter_site":"@tpocg","twitter_misc":{"Yazan:":"Burak Bay\u0131k"},"schema":{"@context":"https:\/\/schema.org","@graph":[{"@type":"Article","@id":"http:\/\/www.tpocg.org\/blog\/abi-kardes-gibi#article","isPartOf":{"@id":"http:\/\/www.tpocg.org\/blog\/abi-kardes-gibi"},"author":{"name":"Burak Bay\u0131k","@id":"http:\/\/www.tpocg.org\/blog\/#\/schema\/person\/b6f6b21335fb32e816c9782b5eb6e0d6"},"headline":"Abi Karde\u015f Gibi","datePublished":"2024-03-07T09:21:39+00:00","dateModified":"2024-03-07T09:21:39+00:00","mainEntityOfPage":{"@id":"http:\/\/www.tpocg.org\/blog\/abi-kardes-gibi"},"wordCount":1300,"commentCount":0,"publisher":{"@id":"http:\/\/www.tpocg.org\/blog\/#organization"},"articleSection":["Blog","Denemeler"],"inLanguage":"tr","potentialAction":[{"@type":"CommentAction","name":"Comment","target":["http:\/\/www.tpocg.org\/blog\/abi-kardes-gibi#respond"]}]},{"@type":"WebPage","@id":"http:\/\/www.tpocg.org\/blog\/abi-kardes-gibi","url":"http:\/\/www.tpocg.org\/blog\/abi-kardes-gibi","name":"Abi Karde\u015f Gibi | Ak\u0131l Defterim","isPartOf":{"@id":"http:\/\/www.tpocg.org\/blog\/#website"},"datePublished":"2024-03-07T09:21:39+00:00","dateModified":"2024-03-07T09:21:39+00:00","description":"Psikoloji \u00f6\u011frencilerinin kaleminden yaz\u0131lar.","breadcrumb":{"@id":"http:\/\/www.tpocg.org\/blog\/abi-kardes-gibi#breadcrumb"},"inLanguage":"tr","potentialAction":[{"@type":"ReadAction","target":["http:\/\/www.tpocg.org\/blog\/abi-kardes-gibi"]}]},{"@type":"BreadcrumbList","@id":"http:\/\/www.tpocg.org\/blog\/abi-kardes-gibi#breadcrumb","itemListElement":[{"@type":"ListItem","position":1,"name":"Ana sayfa","item":"http:\/\/www.tpocg.org\/blog"},{"@type":"ListItem","position":2,"name":"Abi Karde\u015f Gibi"}]},{"@type":"WebSite","@id":"http:\/\/www.tpocg.org\/blog\/#website","url":"http:\/\/www.tpocg.org\/blog\/","name":"Ak\u0131l Defterim","description":"Psikoloji \u00d6\u011frencilerinden Yaz\u0131lar","publisher":{"@id":"http:\/\/www.tpocg.org\/blog\/#organization"},"potentialAction":[{"@type":"SearchAction","target":{"@type":"EntryPoint","urlTemplate":"http:\/\/www.tpocg.org\/blog\/?s={search_term_string}"},"query-input":"required name=search_term_string"}],"inLanguage":"tr"},{"@type":"Organization","@id":"http:\/\/www.tpocg.org\/blog\/#organization","name":"TP\u00d6\u00c7G","url":"http:\/\/www.tpocg.org\/blog\/","logo":{"@type":"ImageObject","inLanguage":"tr","@id":"http:\/\/www.tpocg.org\/blog\/#\/schema\/logo\/image\/","url":"http:\/\/www.tpocg.org\/blog\/wp-content\/uploads\/2016\/03\/fav.jpg","contentUrl":"http:\/\/www.tpocg.org\/blog\/wp-content\/uploads\/2016\/03\/fav.jpg","width":72,"height":72,"caption":"TP\u00d6\u00c7G"},"image":{"@id":"http:\/\/www.tpocg.org\/blog\/#\/schema\/logo\/image\/"},"sameAs":["https:\/\/www.facebook.com\/tpocg","https:\/\/twitter.com\/tpocg","https:\/\/www.instagram.com\/tpocg","https:\/\/www.youtube.com\/user\/TPOCG"]},{"@type":"Person","@id":"http:\/\/www.tpocg.org\/blog\/#\/schema\/person\/b6f6b21335fb32e816c9782b5eb6e0d6","name":"Burak Bay\u0131k","image":{"@type":"ImageObject","inLanguage":"tr","@id":"http:\/\/www.tpocg.org\/blog\/#\/schema\/person\/image\/","url":"https:\/\/secure.gravatar.com\/avatar\/fbf0e43096949bdd6a6f67d5f4ed1c79?s=96&d=mm&r=g","contentUrl":"https:\/\/secure.gravatar.com\/avatar\/fbf0e43096949bdd6a6f67d5f4ed1c79?s=96&d=mm&r=g","caption":"Burak Bay\u0131k"},"url":"https:\/\/www.tpocg.org\/blog\/author\/burak"}]}},"_links":{"self":[{"href":"https:\/\/www.tpocg.org\/blog\/wp-json\/wp\/v2\/posts\/5082"}],"collection":[{"href":"https:\/\/www.tpocg.org\/blog\/wp-json\/wp\/v2\/posts"}],"about":[{"href":"https:\/\/www.tpocg.org\/blog\/wp-json\/wp\/v2\/types\/post"}],"author":[{"embeddable":true,"href":"https:\/\/www.tpocg.org\/blog\/wp-json\/wp\/v2\/users\/83"}],"replies":[{"embeddable":true,"href":"https:\/\/www.tpocg.org\/blog\/wp-json\/wp\/v2\/comments?post=5082"}],"version-history":[{"count":2,"href":"https:\/\/www.tpocg.org\/blog\/wp-json\/wp\/v2\/posts\/5082\/revisions"}],"predecessor-version":[{"id":5085,"href":"https:\/\/www.tpocg.org\/blog\/wp-json\/wp\/v2\/posts\/5082\/revisions\/5085"}],"wp:featuredmedia":[{"embeddable":true,"href":"https:\/\/www.tpocg.org\/blog\/wp-json\/wp\/v2\/media\/5083"}],"wp:attachment":[{"href":"https:\/\/www.tpocg.org\/blog\/wp-json\/wp\/v2\/media?parent=5082"}],"wp:term":[{"taxonomy":"category","embeddable":true,"href":"https:\/\/www.tpocg.org\/blog\/wp-json\/wp\/v2\/categories?post=5082"},{"taxonomy":"post_tag","embeddable":true,"href":"https:\/\/www.tpocg.org\/blog\/wp-json\/wp\/v2\/tags?post=5082"}],"curies":[{"name":"wp","href":"https:\/\/api.w.org\/{rel}","templated":true}]}}