{"id":5070,"date":"2024-02-29T16:18:18","date_gmt":"2024-02-29T13:18:18","guid":{"rendered":"https:\/\/www.tpocg.org\/blog\/?p=5070"},"modified":"2024-02-26T13:20:14","modified_gmt":"2024-02-26T10:20:14","slug":"zaman-ve-insan","status":"publish","type":"post","link":"https:\/\/www.tpocg.org\/blog\/zaman-ve-insan","title":{"rendered":"Zaman ve \u0130nsan"},"content":{"rendered":"<p><i><span style=\"font-weight: 400;\">(Bu yaz\u0131n\u0131n okunmas\u0131 yakla\u015f\u0131k olarak 3 dakika s\u00fcrmektedir.)<\/span><\/i><\/p>\n<p><span style=\"font-weight: 400;\">Zaman her derdin devas\u0131 derdi b\u00fcy\u00fckler, her \u015feyin ilac\u0131ysa zamanla kalplerimizde a\u00e7\u0131lan bunca bo\u015fluk nedendi? \u0130la\u00e7, iyi eden \u015fifa kayna\u011f\u0131 de\u011fil miydi? \u00d6yleyse zamanla eksilmemize, hissizle\u015fmemize sebep neydi? \u0130yile\u015ftiren \u015feye mi zaman diyorduk yoksa hissizle\u015fen ve al\u0131\u015fan y\u00fcre\u011fimize mi iyile\u015fti g\u00f6z\u00fcyle bak\u0131yorduk? Zamanla \u015fifalan\u0131yor muyduk sahiden yoksa sadece zehirleniyor muyduk?\u00a0<\/span><\/p>\n<p><span style=\"font-weight: 400;\">Hatalar vard\u0131 bir de ya\u015faman\u0131n en somut \u00f6rne\u011fi olan o hatalar, hatalar\u0131m\u0131z. En b\u00fcy\u00fck \u00f6\u011fretmenimiz olan, bize \u00e7elme takan yine biz oldu\u011fumuz i\u00e7in affetmeye en yatk\u0131n oldu\u011fumuz ama kendimizi de su\u00e7lu hissetmekten ve su\u00e7lamaktan bir t\u00fcrl\u00fc geri alamad\u0131\u011f\u0131m\u0131z o kocaman hatalar. Zaman en \u00e7ok da onlar\u0131 iyile\u015ftirir, sarar ve unuttururmu\u015f, \u00f6yle diyorlar.\u00a0<\/span><\/p>\n<p><strong>\u0130nsan bu ya; unuttuk\u00e7a ya\u015far, ya\u015fad\u0131k\u00e7a unuturmu\u015f.<\/strong><span style=\"font-weight: 400;\"> \u00c7ocuklu\u011funu unuturmu\u015f mesela, toz bile kondurmaya k\u0131yamad\u0131\u011f\u0131 hayallerini unuturmu\u015f; \u201cger\u00e7ek\u201d ad\u0131 verilen ve devasa oranda neferi olan bir ordu taraf\u0131ndan esir al\u0131nd\u0131ktan sonra; \u00f6zg\u00fcr b\u0131rak\u0131lmas\u0131n\u0131n tek ko\u015fuluysa bu ordunun bir neferi olmas\u0131ym\u0131\u015f. \u0130\u015fte tam bu noktada zaman girermi\u015f devreye, \u201cger\u00e7ek\u201d ordusunun ba\u015f komutan\u0131 olan zaman. Ya\u015f hanesinde de\u011fi\u015fen say\u0131lar kar\u015f\u0131l\u0131\u011f\u0131nda hayallerini bu lidere teslim edermi\u015f, insan. Zamansa en b\u00fcy\u00fck k\u0131ya\u011f\u0131n\u0131 ge\u00e7er, bu gizi unuttururmu\u015f. \u0130nsan neyi geride b\u0131rakt\u0131\u011f\u0131n\u0131n fark\u0131na bile varamadan unutur gider, bir de buna \u015fifa dermi\u015f.<\/span><\/p>\n<p><span style=\"font-weight: 400;\">Bulutlarda gizlenen ejderhalar yokmu\u015f art\u0131k; gizli k\u0131tada yer alan K\u00e2fda\u011f\u0131 da yokmu\u015f, deniz k\u0131zlar\u0131 da ormanlar kral\u0131 papa\u011fan da, hi\u00e7biri yokmu\u015f art\u0131k. Sadece ger\u00e7ekler varm\u0131\u015f, hoyrat m\u0131 hoyrat, hazin mi hazin o ger\u00e7ekler. Hayallerimizi ve yarat\u0131c\u0131l\u0131\u011f\u0131m\u0131z\u0131 bize unutturarak \u015fifa veren zaman, ger\u00e7eklerin bu hoyratl\u0131\u011f\u0131n\u0131 unutturmaz, g\u00f6zlerimizin ard\u0131na kaz\u0131rm\u0131\u015f. Bir de buna g\u00f6\u011fs\u00fcn\u00fc kabarta kabarta \u201cb\u00fcy\u00fcmek\u201d der, insan da \u201cb\u00fcy\u00fcd\u00fcm\u201d san\u0131rm\u0131\u015f.\u00a0<\/span><\/p>\n<p><span style=\"font-weight: 400;\">G\u00fcc\u00fc g\u00f6receli\u011finden gelen zaman\u0131n, hayallerini unutturmaya g\u00fcc\u00fcn\u00fcn yetmedi\u011fi bir kesim varm\u0131\u015f. \u00d6mr\u00fcne de\u011fer bi\u00e7ilen say\u0131lar ne kadar de\u011fi\u015firse de\u011fi\u015fsin, bulutlardan \u015fekiller yapmaktan, g\u00f6lgeleriyle dans etmekten, \u00e7izgilere bast\u0131\u011f\u0131nda oyunu kaybedece\u011fini d\u00fc\u015f\u00fcnmekten vazge\u00e7meyen bir kesim\u2026 Hayallerini her \u015feye ra\u011fmen korumay\u0131 ba\u015farmalar\u0131 onlara yine de ger\u00e7ek \u00f6zg\u00fcrl\u00fc\u011f\u00fc vermeye yetmezmi\u015f \u00e7\u00fcnk\u00fc ruhlar\u0131n\u0131n en diplerine kaz\u0131nm\u0131\u015f olan \u2018ger\u00e7ekler\u2019 pe\u015flerini hi\u00e7 mi hi\u00e7 b\u0131rakmazm\u0131\u015f. Onlarsa, \u00f6zg\u00fcrl\u00fc\u011f\u00fc kazanacaklar\u0131na inanarak anla\u015ft\u0131klar\u0131 zaman\u0131n \u201cger\u00e7ekleri\u201d ve kopamad\u0131klar\u0131 \u201chayalleri\u201d taraf\u0131ndan esir al\u0131n\u0131rlarm\u0131\u015f. Zaman yine durmaz, buna da yeni bir isim arma\u011fan edermi\u015f; \u201cb\u00fcy\u00fcme sanc\u0131s\u0131\u201d.<\/span><\/p>\n<p><span style=\"font-weight: 400;\">Ya\u015famsa \u201cb\u00fcy\u00fcyenler\u201d ve \u201cb\u00fcy\u00fcme sanc\u0131s\u0131\u201d \u00e7ekenler aras\u0131ndaki o so\u011fuk denizde bir o yana bir bu yana dalgalan\u0131p dururmu\u015f. Yine zaman, hi\u00e7 utanmadan buna da \u201c\u00f6m\u00fcr\u201d dermi\u015f. Ve insan; ger\u00e7ekten ya\u015fay\u0131p ya\u015famad\u0131\u011f\u0131n\u0131 bile anlamadan, \u201czaman\u201d ile imzalad\u0131\u011f\u0131 gizli pakta sessizce sad\u0131k kal\u0131rm\u0131\u015f.\u00a0<\/span><\/p>\n<p><span style=\"font-weight: 400;\">Hatalar, tecr\u00fcbeler, ya\u015fad\u0131\u011f\u0131m\u0131z zaman\u0131 iddia eden say\u0131lar de\u011fi\u015fir dururmu\u015f da g\u00f6zlerimiz yine de ya\u015fam\u0131 ararm\u0131\u015f \u00e7\u00fcnk\u00fc ya\u015fam, zaman\u0131n b\u00fct\u00fcn bask\u0131nl\u0131\u011f\u0131na ra\u011fmen ya\u015famm\u0131\u015f ve insan en \u00e7ok ya\u015famay\u0131 severmi\u015f. B\u00fcy\u00fcyenler, b\u00fcy\u00fcmeye \u00e7al\u0131\u015fanlar ve bir t\u00fcrl\u00fc b\u00fcy\u00fcyemeyenler; hi\u00e7 t\u00fckenmeyen bir umutla ya\u015fama sar\u0131l\u0131r, \u201czaman\u0131\u201d yok sayarak ya\u015famaya \u00e7al\u0131\u015f\u0131rm\u0131\u015f.<\/span><\/p>\n<p><b>*M\u00fczik \u00f6nerisi: Can Kazaz- \u00d6ncesi Sessizlik<\/b><\/p>\n<p><span style=\"font-weight: 400;\">Yazar: \u0130rem Toky\u00fcrek<\/span><\/p>\n<p><span style=\"font-weight: 400;\">G\u00f6rsel Kaynak: <\/span><a href=\"https:\/\/tr.pinterest.com\/pin\/1116681670079988142\/\"><span style=\"font-weight: 400;\">https:\/\/tr.pinterest.com\/pin\/1116681670079988142\/<\/span><\/a><\/p>\n<p>&nbsp;<\/p>\n","protected":false},"excerpt":{"rendered":"<p>\u0130nsan bu ya; unuttuk\u00e7a ya\u015far, ya\u015fad\u0131k\u00e7a unuturmu\u015f.<\/p>\n","protected":false},"author":81,"featured_media":5071,"comment_status":"open","ping_status":"open","sticky":false,"template":"","format":"standard","meta":{"footnotes":""},"categories":[2,4,1],"tags":[],"yoast_head":"<!-- This site is optimized with the Yoast SEO plugin v21.0 - https:\/\/yoast.com\/wordpress\/plugins\/seo\/ -->\n<title>Zaman ve \u0130nsan | Ak\u0131l Defterim<\/title>\n<meta name=\"description\" content=\"Psikoloji \u00f6\u011frencilerinin kaleminden yaz\u0131lar.\" \/>\n<meta name=\"robots\" content=\"index, follow, max-snippet:-1, max-image-preview:large, max-video-preview:-1\" \/>\n<link rel=\"canonical\" href=\"http:\/\/www.tpocg.org\/blog\/zaman-ve-insan\" \/>\n<meta property=\"og:locale\" content=\"tr_TR\" \/>\n<meta property=\"og:type\" content=\"article\" \/>\n<meta property=\"og:title\" content=\"Zaman ve \u0130nsan | Ak\u0131l Defterim\" \/>\n<meta property=\"og:description\" content=\"Psikoloji \u00f6\u011frencilerinin kaleminden yaz\u0131lar.\" \/>\n<meta property=\"og:url\" content=\"http:\/\/www.tpocg.org\/blog\/zaman-ve-insan\" \/>\n<meta property=\"og:site_name\" content=\"Ak\u0131l Defterim\" \/>\n<meta property=\"article:publisher\" content=\"https:\/\/www.facebook.com\/tpocg\" \/>\n<meta property=\"article:published_time\" content=\"2024-02-29T13:18:18+00:00\" \/>\n<meta property=\"article:modified_time\" content=\"2024-02-26T10:20:14+00:00\" \/>\n<meta property=\"og:image\" content=\"http:\/\/www.tpocg.org\/blog\/wp-content\/uploads\/2024\/02\/zaman-ve-insan-irem-tokyurek.jpg\" \/>\n\t<meta property=\"og:image:width\" content=\"725\" \/>\n\t<meta property=\"og:image:height\" content=\"1101\" \/>\n\t<meta property=\"og:image:type\" content=\"image\/jpeg\" \/>\n<meta name=\"author\" content=\"\u0130rem Toky\u00fcrek\" \/>\n<meta name=\"twitter:card\" content=\"summary_large_image\" \/>\n<meta name=\"twitter:creator\" content=\"@tpocg\" \/>\n<meta name=\"twitter:site\" content=\"@tpocg\" \/>\n<meta name=\"twitter:label1\" content=\"Yazan:\" \/>\n\t<meta name=\"twitter:data1\" content=\"\u0130rem Toky\u00fcrek\" \/>\n\t<meta name=\"twitter:label2\" content=\"Tahmini okuma s\u00fcresi\" \/>\n\t<meta name=\"twitter:data2\" content=\"3 dakika\" \/>\n<script type=\"application\/ld+json\" class=\"yoast-schema-graph\">{\"@context\":\"https:\/\/schema.org\",\"@graph\":[{\"@type\":\"Article\",\"@id\":\"http:\/\/www.tpocg.org\/blog\/zaman-ve-insan#article\",\"isPartOf\":{\"@id\":\"http:\/\/www.tpocg.org\/blog\/zaman-ve-insan\"},\"author\":{\"name\":\"\u0130rem Toky\u00fcrek\",\"@id\":\"http:\/\/www.tpocg.org\/blog\/#\/schema\/person\/8c97847ab5cd7a6d006e53378ae0dfe9\"},\"headline\":\"Zaman ve \u0130nsan\",\"datePublished\":\"2024-02-29T13:18:18+00:00\",\"dateModified\":\"2024-02-26T10:20:14+00:00\",\"mainEntityOfPage\":{\"@id\":\"http:\/\/www.tpocg.org\/blog\/zaman-ve-insan\"},\"wordCount\":638,\"commentCount\":0,\"publisher\":{\"@id\":\"http:\/\/www.tpocg.org\/blog\/#organization\"},\"articleSection\":[\"Blog\",\"Denemeler\"],\"inLanguage\":\"tr\",\"potentialAction\":[{\"@type\":\"CommentAction\",\"name\":\"Comment\",\"target\":[\"http:\/\/www.tpocg.org\/blog\/zaman-ve-insan#respond\"]}]},{\"@type\":\"WebPage\",\"@id\":\"http:\/\/www.tpocg.org\/blog\/zaman-ve-insan\",\"url\":\"http:\/\/www.tpocg.org\/blog\/zaman-ve-insan\",\"name\":\"Zaman ve \u0130nsan | Ak\u0131l Defterim\",\"isPartOf\":{\"@id\":\"http:\/\/www.tpocg.org\/blog\/#website\"},\"datePublished\":\"2024-02-29T13:18:18+00:00\",\"dateModified\":\"2024-02-26T10:20:14+00:00\",\"description\":\"Psikoloji \u00f6\u011frencilerinin kaleminden yaz\u0131lar.\",\"breadcrumb\":{\"@id\":\"http:\/\/www.tpocg.org\/blog\/zaman-ve-insan#breadcrumb\"},\"inLanguage\":\"tr\",\"potentialAction\":[{\"@type\":\"ReadAction\",\"target\":[\"http:\/\/www.tpocg.org\/blog\/zaman-ve-insan\"]}]},{\"@type\":\"BreadcrumbList\",\"@id\":\"http:\/\/www.tpocg.org\/blog\/zaman-ve-insan#breadcrumb\",\"itemListElement\":[{\"@type\":\"ListItem\",\"position\":1,\"name\":\"Ana sayfa\",\"item\":\"http:\/\/www.tpocg.org\/blog\"},{\"@type\":\"ListItem\",\"position\":2,\"name\":\"Zaman ve \u0130nsan\"}]},{\"@type\":\"WebSite\",\"@id\":\"http:\/\/www.tpocg.org\/blog\/#website\",\"url\":\"http:\/\/www.tpocg.org\/blog\/\",\"name\":\"Ak\u0131l Defterim\",\"description\":\"Psikoloji \u00d6\u011frencilerinden Yaz\u0131lar\",\"publisher\":{\"@id\":\"http:\/\/www.tpocg.org\/blog\/#organization\"},\"potentialAction\":[{\"@type\":\"SearchAction\",\"target\":{\"@type\":\"EntryPoint\",\"urlTemplate\":\"http:\/\/www.tpocg.org\/blog\/?s={search_term_string}\"},\"query-input\":\"required name=search_term_string\"}],\"inLanguage\":\"tr\"},{\"@type\":\"Organization\",\"@id\":\"http:\/\/www.tpocg.org\/blog\/#organization\",\"name\":\"TP\u00d6\u00c7G\",\"url\":\"http:\/\/www.tpocg.org\/blog\/\",\"logo\":{\"@type\":\"ImageObject\",\"inLanguage\":\"tr\",\"@id\":\"http:\/\/www.tpocg.org\/blog\/#\/schema\/logo\/image\/\",\"url\":\"http:\/\/www.tpocg.org\/blog\/wp-content\/uploads\/2016\/03\/fav.jpg\",\"contentUrl\":\"http:\/\/www.tpocg.org\/blog\/wp-content\/uploads\/2016\/03\/fav.jpg\",\"width\":72,\"height\":72,\"caption\":\"TP\u00d6\u00c7G\"},\"image\":{\"@id\":\"http:\/\/www.tpocg.org\/blog\/#\/schema\/logo\/image\/\"},\"sameAs\":[\"https:\/\/www.facebook.com\/tpocg\",\"https:\/\/twitter.com\/tpocg\",\"https:\/\/www.instagram.com\/tpocg\",\"https:\/\/www.youtube.com\/user\/TPOCG\"]},{\"@type\":\"Person\",\"@id\":\"http:\/\/www.tpocg.org\/blog\/#\/schema\/person\/8c97847ab5cd7a6d006e53378ae0dfe9\",\"name\":\"\u0130rem Toky\u00fcrek\",\"image\":{\"@type\":\"ImageObject\",\"inLanguage\":\"tr\",\"@id\":\"http:\/\/www.tpocg.org\/blog\/#\/schema\/person\/image\/\",\"url\":\"https:\/\/secure.gravatar.com\/avatar\/5e9bf11378a738e736518694e1b871bb?s=96&d=mm&r=g\",\"contentUrl\":\"https:\/\/secure.gravatar.com\/avatar\/5e9bf11378a738e736518694e1b871bb?s=96&d=mm&r=g\",\"caption\":\"\u0130rem Toky\u00fcrek\"},\"url\":\"https:\/\/www.tpocg.org\/blog\/author\/irem\"}]}<\/script>\n<!-- \/ Yoast SEO plugin. -->","yoast_head_json":{"title":"Zaman ve \u0130nsan | Ak\u0131l Defterim","description":"Psikoloji \u00f6\u011frencilerinin kaleminden yaz\u0131lar.","robots":{"index":"index","follow":"follow","max-snippet":"max-snippet:-1","max-image-preview":"max-image-preview:large","max-video-preview":"max-video-preview:-1"},"canonical":"http:\/\/www.tpocg.org\/blog\/zaman-ve-insan","og_locale":"tr_TR","og_type":"article","og_title":"Zaman ve \u0130nsan | Ak\u0131l Defterim","og_description":"Psikoloji \u00f6\u011frencilerinin kaleminden yaz\u0131lar.","og_url":"http:\/\/www.tpocg.org\/blog\/zaman-ve-insan","og_site_name":"Ak\u0131l Defterim","article_publisher":"https:\/\/www.facebook.com\/tpocg","article_published_time":"2024-02-29T13:18:18+00:00","article_modified_time":"2024-02-26T10:20:14+00:00","og_image":[{"width":725,"height":1101,"url":"http:\/\/www.tpocg.org\/blog\/wp-content\/uploads\/2024\/02\/zaman-ve-insan-irem-tokyurek.jpg","type":"image\/jpeg"}],"author":"\u0130rem Toky\u00fcrek","twitter_card":"summary_large_image","twitter_creator":"@tpocg","twitter_site":"@tpocg","twitter_misc":{"Yazan:":"\u0130rem Toky\u00fcrek","Tahmini okuma s\u00fcresi":"3 dakika"},"schema":{"@context":"https:\/\/schema.org","@graph":[{"@type":"Article","@id":"http:\/\/www.tpocg.org\/blog\/zaman-ve-insan#article","isPartOf":{"@id":"http:\/\/www.tpocg.org\/blog\/zaman-ve-insan"},"author":{"name":"\u0130rem Toky\u00fcrek","@id":"http:\/\/www.tpocg.org\/blog\/#\/schema\/person\/8c97847ab5cd7a6d006e53378ae0dfe9"},"headline":"Zaman ve \u0130nsan","datePublished":"2024-02-29T13:18:18+00:00","dateModified":"2024-02-26T10:20:14+00:00","mainEntityOfPage":{"@id":"http:\/\/www.tpocg.org\/blog\/zaman-ve-insan"},"wordCount":638,"commentCount":0,"publisher":{"@id":"http:\/\/www.tpocg.org\/blog\/#organization"},"articleSection":["Blog","Denemeler"],"inLanguage":"tr","potentialAction":[{"@type":"CommentAction","name":"Comment","target":["http:\/\/www.tpocg.org\/blog\/zaman-ve-insan#respond"]}]},{"@type":"WebPage","@id":"http:\/\/www.tpocg.org\/blog\/zaman-ve-insan","url":"http:\/\/www.tpocg.org\/blog\/zaman-ve-insan","name":"Zaman ve \u0130nsan | Ak\u0131l Defterim","isPartOf":{"@id":"http:\/\/www.tpocg.org\/blog\/#website"},"datePublished":"2024-02-29T13:18:18+00:00","dateModified":"2024-02-26T10:20:14+00:00","description":"Psikoloji \u00f6\u011frencilerinin kaleminden yaz\u0131lar.","breadcrumb":{"@id":"http:\/\/www.tpocg.org\/blog\/zaman-ve-insan#breadcrumb"},"inLanguage":"tr","potentialAction":[{"@type":"ReadAction","target":["http:\/\/www.tpocg.org\/blog\/zaman-ve-insan"]}]},{"@type":"BreadcrumbList","@id":"http:\/\/www.tpocg.org\/blog\/zaman-ve-insan#breadcrumb","itemListElement":[{"@type":"ListItem","position":1,"name":"Ana sayfa","item":"http:\/\/www.tpocg.org\/blog"},{"@type":"ListItem","position":2,"name":"Zaman ve \u0130nsan"}]},{"@type":"WebSite","@id":"http:\/\/www.tpocg.org\/blog\/#website","url":"http:\/\/www.tpocg.org\/blog\/","name":"Ak\u0131l Defterim","description":"Psikoloji \u00d6\u011frencilerinden Yaz\u0131lar","publisher":{"@id":"http:\/\/www.tpocg.org\/blog\/#organization"},"potentialAction":[{"@type":"SearchAction","target":{"@type":"EntryPoint","urlTemplate":"http:\/\/www.tpocg.org\/blog\/?s={search_term_string}"},"query-input":"required name=search_term_string"}],"inLanguage":"tr"},{"@type":"Organization","@id":"http:\/\/www.tpocg.org\/blog\/#organization","name":"TP\u00d6\u00c7G","url":"http:\/\/www.tpocg.org\/blog\/","logo":{"@type":"ImageObject","inLanguage":"tr","@id":"http:\/\/www.tpocg.org\/blog\/#\/schema\/logo\/image\/","url":"http:\/\/www.tpocg.org\/blog\/wp-content\/uploads\/2016\/03\/fav.jpg","contentUrl":"http:\/\/www.tpocg.org\/blog\/wp-content\/uploads\/2016\/03\/fav.jpg","width":72,"height":72,"caption":"TP\u00d6\u00c7G"},"image":{"@id":"http:\/\/www.tpocg.org\/blog\/#\/schema\/logo\/image\/"},"sameAs":["https:\/\/www.facebook.com\/tpocg","https:\/\/twitter.com\/tpocg","https:\/\/www.instagram.com\/tpocg","https:\/\/www.youtube.com\/user\/TPOCG"]},{"@type":"Person","@id":"http:\/\/www.tpocg.org\/blog\/#\/schema\/person\/8c97847ab5cd7a6d006e53378ae0dfe9","name":"\u0130rem Toky\u00fcrek","image":{"@type":"ImageObject","inLanguage":"tr","@id":"http:\/\/www.tpocg.org\/blog\/#\/schema\/person\/image\/","url":"https:\/\/secure.gravatar.com\/avatar\/5e9bf11378a738e736518694e1b871bb?s=96&d=mm&r=g","contentUrl":"https:\/\/secure.gravatar.com\/avatar\/5e9bf11378a738e736518694e1b871bb?s=96&d=mm&r=g","caption":"\u0130rem Toky\u00fcrek"},"url":"https:\/\/www.tpocg.org\/blog\/author\/irem"}]}},"_links":{"self":[{"href":"https:\/\/www.tpocg.org\/blog\/wp-json\/wp\/v2\/posts\/5070"}],"collection":[{"href":"https:\/\/www.tpocg.org\/blog\/wp-json\/wp\/v2\/posts"}],"about":[{"href":"https:\/\/www.tpocg.org\/blog\/wp-json\/wp\/v2\/types\/post"}],"author":[{"embeddable":true,"href":"https:\/\/www.tpocg.org\/blog\/wp-json\/wp\/v2\/users\/81"}],"replies":[{"embeddable":true,"href":"https:\/\/www.tpocg.org\/blog\/wp-json\/wp\/v2\/comments?post=5070"}],"version-history":[{"count":1,"href":"https:\/\/www.tpocg.org\/blog\/wp-json\/wp\/v2\/posts\/5070\/revisions"}],"predecessor-version":[{"id":5072,"href":"https:\/\/www.tpocg.org\/blog\/wp-json\/wp\/v2\/posts\/5070\/revisions\/5072"}],"wp:featuredmedia":[{"embeddable":true,"href":"https:\/\/www.tpocg.org\/blog\/wp-json\/wp\/v2\/media\/5071"}],"wp:attachment":[{"href":"https:\/\/www.tpocg.org\/blog\/wp-json\/wp\/v2\/media?parent=5070"}],"wp:term":[{"taxonomy":"category","embeddable":true,"href":"https:\/\/www.tpocg.org\/blog\/wp-json\/wp\/v2\/categories?post=5070"},{"taxonomy":"post_tag","embeddable":true,"href":"https:\/\/www.tpocg.org\/blog\/wp-json\/wp\/v2\/tags?post=5070"}],"curies":[{"name":"wp","href":"https:\/\/api.w.org\/{rel}","templated":true}]}}