{"id":5063,"date":"2024-02-20T16:17:12","date_gmt":"2024-02-20T13:17:12","guid":{"rendered":"https:\/\/www.tpocg.org\/blog\/?p=5063"},"modified":"2024-02-19T17:29:42","modified_gmt":"2024-02-19T14:29:42","slug":"herkes-iyiyse-bunca-kotu-kim","status":"publish","type":"post","link":"https:\/\/www.tpocg.org\/blog\/herkes-iyiyse-bunca-kotu-kim","title":{"rendered":"Herkes \u0130yiyse Bunca K\u00f6t\u00fc Kim?"},"content":{"rendered":"<p><span style=\"font-weight: 400;\">(Bu yaz\u0131n\u0131n okunmas\u0131 yakla\u015f\u0131k olarak 4 dakika s\u00fcrmektedir.)<\/span><\/p>\n<p><span style=\"font-weight: 400;\">Ay soluk \u0131\u015f\u0131\u011f\u0131n\u0131 d\u00fcnyan\u0131n \u00fczerinde gezdiriyor, y\u0131ld\u0131zlar karanl\u0131\u011f\u0131 baltalamak istercesine g\u00f6ky\u00fcz\u00fcn\u00fcn siyah\u0131nda t\u00fcm g\u00fcc\u00fcyle \u0131\u015f\u0131ld\u0131yordu. Hava d\u00fcne g\u00f6re so\u011fuktu, \u0131l\u0131k r\u00fczgar tenini yalayarak ensesinde bir \u00fcrperti olu\u015fturuyor ancak ya\u015fad\u0131\u011f\u0131n\u0131 iliklerine kadar hissettiren ho\u015f bir his b\u0131rak\u0131yordu. Geceye teslim olmu\u015f orman t\u00fcm gizemi ile \u00f6n\u00fcnde seriliydi. \u0130\u00e7inde bar\u0131nd\u0131rd\u0131\u011f\u0131 onlarca tehlike vard\u0131 belki ama \u015fimdi karanl\u0131\u011fa g\u00f6m\u00fclm\u00fc\u015f tehlikeyi sezmek \u00e7ok g\u00fc\u00e7t\u00fc.\u00a0<\/span><\/p>\n<p><span style=\"font-weight: 400;\">Kendinden emin ad\u0131mlarla orman\u0131n derinliklerine do\u011fru dald\u0131. Ay, \u015fimdi daha uzakt\u0131. Kendisine dahi ancak yeten \u0131\u015f\u0131\u011f\u0131 yapraklar\u0131n aras\u0131ndan ona ula\u015fm\u0131yordu. Derin bir nefes alarak g\u00f6z\u00fcn\u00fcn \u00f6n\u00fcn\u00fc bile zor g\u00f6rmesine ra\u011fmen ta\u015ftan patikada ilerlemeye devam etti. Biraz daha y\u00fcr\u00fcd\u00fckten sonra patikan\u0131n, \u015fehrin kirlenmi\u015f ayd\u0131nl\u0131\u011f\u0131n\u0131 tamamen geride b\u0131rakaca\u011f\u0131n\u0131 biliyordu. Yapay ayd\u0131nl\u0131\u011fa bulanm\u0131\u015f bu d\u00f6nemde ger\u00e7ek karanl\u0131\u011f\u0131n tad\u0131na varmay\u0131 her zaman i\u00e7in daha huzur verici bulmu\u015ftu ve bu y\u00fczden hafta sonlar\u0131 s\u0131k s\u0131k kendisini y\u0131rt\u0131c\u0131 bir hayvan gibi orman\u0131n derinliklerine b\u0131rak\u0131yordu. Ad\u0131mlar\u0131n\u0131 dikkatle se\u00e7erek y\u00fcr\u00fcmeyi s\u00fcrd\u00fcr\u00fcrken ayaklar\u0131n\u0131n alt\u0131nda ezilen irili ufakl\u0131 ta\u015flara tak\u0131l\u0131p d\u00fc\u015fmemeye \u00f6zen g\u00f6steriyordu.\u00a0<\/span><\/p>\n<p><span style=\"font-weight: 400;\">R\u00fczgar g\u00fc\u00e7lenip yapraklar\u0131n aras\u0131nda ivme kazan\u0131rken birka\u00e7 metre \u00f6tedeki \u00e7al\u0131l\u0131klar\u0131n aras\u0131ndan bir h\u0131\u015f\u0131rt\u0131 i\u015fitti. \u00d6nce kulak kesildiyse de r\u00fczgar\u0131n bir oyunu oldu\u011funu d\u00fc\u015f\u00fcnerek yoluna devam etti. Ancak hemen ard\u0131ndan h\u0131\u015f\u0131rt\u0131y\u0131 bir kere daha duydu. Oldu\u011fu yerde duraksarken \u00e7al\u0131l\u0131klar\u0131n aras\u0131ndaki h\u0131\u015f\u0131rt\u0131n\u0131n sesi yo\u011funla\u015ft\u0131. Kalp ritmi h\u0131zlan\u0131rken olas\u0131 bir tehlikeye kar\u015f\u0131 savunmas\u0131z olu\u015fundan adrenalin damarlar\u0131ndaki yerini ald\u0131. Yava\u015f\u00e7a e\u011filerek yeri yoklad\u0131 ve kendisini savunabilece\u011fi bir \u015fey arad\u0131. Eli kal\u0131nca bir dal\u0131 kavrad\u0131\u011f\u0131nda dal\u0131 s\u0131k\u0131ca tuttu ve tekrar aya\u011fa kalkt\u0131. G\u00f6z\u00fc karanl\u0131\u011f\u0131 iyice kan\u0131ksad\u0131\u011f\u0131ndan \u00e7al\u0131l\u0131klar\u0131n aras\u0131ndaki daha \u00f6nce orada bulunmayan sil\u00fceti fark etti. Seslendi: \u201cKim var orada?\u201d bir s\u00fcre ses gelmedi, sil\u00fcet orada \u00f6ylece duruyordu. Tedirgin bir \u015fekilde sil\u00fcete birka\u00e7 ad\u0131m yakla\u015ft\u0131. \u201cKim var orada, dedim!\u201d<\/span><\/p>\n<p><span style=\"font-weight: 400;\">\u201cElindekini b\u0131rak\u0131rsan ortaya \u00e7\u0131kaca\u011f\u0131m.\u201d dedi kar\u015f\u0131s\u0131ndaki. Kafas\u0131 kar\u0131\u015fm\u0131\u015f bir \u015fekilde bir ad\u0131m geriledi. \u201c\u00d6nce kendini g\u00f6ster, sonra b\u0131rakaca\u011f\u0131m.\u201d. Sil\u00fcet temkinli bir \u015fekilde \u00e7al\u0131l\u0131klar\u0131n aras\u0131ndan s\u00fcr\u00fcnd\u00fc ve karanl\u0131\u011f\u0131n i\u00e7inde kendini g\u00f6sterdi. Sil\u00fcet bir kediydi. Uzun ve kabar\u0131k t\u00fcylerinin aras\u0131nda parlayan iri g\u00f6zleriyle adam\u0131 s\u00fczerek sinsice g\u00fcl\u00fcmsedi. Adam elindeki dal\u0131 yere b\u0131rak\u0131rken kedinin g\u00fcven vermeyen g\u00fcl\u00fcmsemesinden g\u00f6z\u00fcn\u00fc ay\u0131rmad\u0131. \u201cSenin ne i\u015fin var burada?\u201d diye sordu, kedinin buraya nas\u0131l gelmi\u015f olabilece\u011fini d\u00fc\u015f\u00fcnerek. \u201c\u015eehre gidiyorum.\u201d diye f\u0131s\u0131ldad\u0131 kedi birilerinin onu duymas\u0131ndan \u00e7ekinir gibi. Tembel ad\u0131mlarla adama yakla\u015ft\u0131 ve onu memnuniyetsiz bir ifadeyle s\u00fczd\u00fc. \u201cSen ne yap\u0131yorsun burada as\u0131l, siz insanlar i\u00e7in buras\u0131 fazla tehlikeli de\u011fil mi?\u201d Adam geride b\u0131rakt\u0131\u011f\u0131 insan karma\u015fas\u0131n\u0131 d\u00fc\u015f\u00fcnerek derin bir nefes ald\u0131. \u201c\u015eimdi bulundu\u011fum yerde, geldi\u011fim yerden daha fazla tehlikede olamam. Orada, \u0131\u015f\u0131klar\u0131n aras\u0131nda ayd\u0131nl\u0131\u011f\u0131 i\u00e7ine \u00e7eken saf k\u00f6t\u00fcl\u00fck var. Buradaki karanl\u0131\u011f\u0131n dahi gizleyemeyece\u011fi kadar b\u00fcy\u00fck bir k\u00f6t\u00fcl\u00fckten bahsediyorum. \u0130hanet, riyakarl\u0131k ve ars\u0131zl\u0131kla dolu oras\u0131. Sen neden \u015fehre gidiyorsun? Buras\u0131 senin i\u00e7in daha g\u00fcvenli.\u201d\u00a0<\/span><\/p>\n<p><span style=\"font-weight: 400;\">Kedi adam\u0131n biraz \u00f6tesindeki \u00e7imenli\u011fe oturdu ve kulaklar\u0131n\u0131 havaya dikti. \u201cYan\u0131l\u0131yorsun, siz insanlar nispeten iyisiniz. Buras\u0131 karanl\u0131ktan ibaret, a\u00e7l\u0131k dolu. Bar\u0131nacak bir yer yok. Orada insanlar istememe gerek bile kalmadan beni seviyor. Herhangi bir sokakta \u00f6ylece dikilsem dahi yoldan ge\u00e7en baz\u0131lar\u0131 bana sevgi veriyor, karn\u0131m\u0131 doyuruyor.\u201d Adam histerik bir bi\u00e7imde g\u00fclerek kafas\u0131n\u0131 onaylam\u0131yormu\u015f\u00e7as\u0131na sallad\u0131. \u201cSen farkl\u0131 bir yerden bahsediyor olmal\u0131s\u0131n \u00e7\u00fcnk\u00fc benim geldi\u011fim yerde insanlar ya\u015famay\u0131 \u00e7ok \u00f6nce b\u0131rakt\u0131. Kimsenin durup da bir kedinin kafas\u0131n\u0131 ok\u015fayacak kadar bile insanl\u0131\u011f\u0131 kalmad\u0131. Hepsi hayata yeti\u015fme tela\u015f\u0131 i\u00e7inde. Orada, ku\u015flar c\u0131v\u0131ldam\u0131yor art\u0131k. Birbirlerinin ayaklar\u0131na \u00e7elme takmaktan ba\u015fka bir \u015fey d\u00fc\u015f\u00fcnmeyen insanlar\u0131n, ku\u015flar\u0131n c\u0131v\u0131lt\u0131s\u0131n\u0131 dahi kesecek kadar y\u00fcksek bir sesle k\u00f6t\u00fc d\u00fc\u015f\u00fcnd\u00fckleri yer oras\u0131. Ama buras\u0131 \u00f6yle mi! Buradaki karanl\u0131k dahi ger\u00e7ek, insanlar\u0131n sahte insanl\u0131\u011f\u0131ndan uzak ve huzur dolu. Kendin olabilecek kadar insanlar\u0131n do\u011frular\u0131ndan uzaks\u0131n, \u00f6zg\u00fcr hissedebilece\u011fin kadar yaln\u0131z ancak tek ba\u015f\u0131na hissetmeyecek kadar da hayat dolu etraf\u0131n.\u201d<\/span><\/p>\n<p><span style=\"font-weight: 400;\">Kedi ba\u015f\u0131n\u0131 yana yat\u0131r\u0131p dalga ge\u00e7ercesine homurdand\u0131. \u201cEn ironi\u011fi de ne biliyor musun? Kendinize \u00fcst\u00fcn \u0131rk deyip \u00f6n\u00fcn\u00fczdeki hakikati dahi g\u00f6remeyecek kadar ilkel olman\u0131z. Anlam\u0131yorsunuz.\u201d V\u00fccudunu gererek do\u011fruldu ve \u015fehre do\u011fru giden patikada y\u00fcr\u00fcmeye ba\u015flad\u0131. Adam ka\u015flar\u0131n\u0131 \u00e7atarak kendisinden uzakla\u015fmakta olan kediye do\u011fru d\u00f6nd\u00fc. \u201cNeyi anlam\u0131yorum?\u201d Adam neyi g\u00f6zden ka\u00e7\u0131rd\u0131\u011f\u0131n\u0131 anlayamaz bir \u015fekilde kediden gelecek cevab\u0131 bekledi. Kedi yava\u015f\u00e7a kafas\u0131n\u0131 adama do\u011fru \u00e7evirdi ve parlayan g\u00f6zleriyle korkutucu bir uyum olu\u015fturan g\u00fcl\u00fcmsemesini geni\u015fletti.<\/span> <strong><i>\u201cBelki de hayat dedi\u011fin ko\u015fu\u015fturmadan kafas\u0131n\u0131 kald\u0131rmayan sensindir. Ya\u015famay\u0131 unutan, bu y\u00fczden de kirli buldu\u011fun \u0131\u015f\u0131klar\u0131n aras\u0131nda kendini g\u00f6rmekten korktu\u011fun i\u00e7in karanl\u0131kta kendin olabildi\u011fini zanneden de sensindir.<\/i><\/strong><span style=\"font-weight: 400;\"> \u0130nsanlardaki iyili\u011fi ve sevgiyi g\u00f6remeyecek kadar riyakar ve ars\u0131z olan da\u2026 Siz insanlar ne zaman insanl\u0131\u011fa su\u00e7u atmay\u0131 b\u0131rak\u0131p kendinizin de insan oldu\u011funuzu hat\u0131rlayacaks\u0131n\u0131z?\u201d\u00a0<\/span><\/p>\n<p><span style=\"font-weight: 400;\">Adam kayna\u011f\u0131n\u0131 bulamad\u0131\u011f\u0131 \u00f6fkesiyle kediye do\u011fru b\u00fcy\u00fck bir ad\u0131m atarak e\u011fildi ve kedinin g\u00f6zlerinin i\u00e7ine bakt\u0131. \u201cKa\u00e7t\u0131\u011f\u0131m her \u015feyin ta kendisi ben miyim yani?\u201d Kedi di\u015flerini g\u00f6stererek g\u00fcld\u00fc. \u201cElbette sensin, bana bak mesela. Ait oldu\u011fum yerden, do\u011famdan ka\u00e7\u0131yorum senin ait oldu\u011fun yere. Ben esas\u0131nda vah\u015fi bir hayvan\u0131m, evcille\u015ftirilmek do\u011famda yok. Avlanarak da karn\u0131m\u0131 doyurabilirim, so\u011fu\u011fa dayan\u0131kl\u0131y\u0131m ve insanlar\u0131n sevgisine sand\u0131\u011f\u0131n kadar ihtiyac\u0131m yok. Ancak orada hayat daha kolay, avlanmak zorunda de\u011filim. \u0130ki \u015feker oldum mu\u00a0 insanlar etraf\u0131mda pervane oluyor. Ben de senin gibi oldu\u011fum \u015feyden ka\u00e7\u0131yorum ama en az\u0131ndan bunu kabul edebilecek kadar ger\u00e7ek\u00e7iyim. Ah siz insanlar, benim gibi ilkel bir t\u00fcr bile bunu g\u00f6rebiliyorken sizin y\u00fcceltti\u011finiz zekan\u0131z\u0131n sizi ger\u00e7eklerden al\u0131koyabiliyor olmas\u0131 ne tuhaf! \u015eehrin sahte buldu\u011funuz ayd\u0131nl\u0131\u011f\u0131n\u0131 yarat\u0131p oradan uzakla\u015fmak i\u00e7in \u00e7\u0131rp\u0131nan da sizsiniz, ka\u00e7t\u0131\u011f\u0131n\u0131z her \u015feyin sizi takip etti\u011fini ve kendinizden ka\u00e7maya \u00e7al\u0131\u015ft\u0131\u011f\u0131n\u0131z\u0131 bile fark edemeyecek kadar ilkel olan da.\u00a0<\/span><\/p>\n<p><i><span style=\"font-weight: 400;\">Mesele insanlar\u0131n k\u00f6t\u00fcl\u00fc\u011f\u00fc de\u011fil ayr\u0131ca. Senin g\u00f6rd\u00fc\u011f\u00fcn tek \u015feyin k\u00f6t\u00fcl\u00fck olmas\u0131. Sen saf k\u00f6t\u00fcl\u00fckten ka\u00e7m\u0131yorsun, g\u00f6rebildi\u011fin tek \u015feyin k\u00f6t\u00fcl\u00fck oldu\u011fu ger\u00e7e\u011finden ka\u00e7\u0131yorsun.<\/span><\/i><span style=\"font-weight: 400;\"> Karanl\u0131k seni bu ger\u00e7eklerden koruyamaz. \u015eehre geri d\u00f6n\u00fcp kendinle y\u00fczle\u015fmek zorundas\u0131n. Huzur burada de\u011fil; huzur orada, ka\u00e7t\u0131\u011f\u0131n yerde.\u201d Kedi arkas\u0131n\u0131 d\u00f6nerek ayd\u0131nl\u0131\u011fa do\u011fru yol ald\u0131. Adam kendi karanl\u0131\u011f\u0131 i\u00e7inde \u00f6fkesinin kedinin hakl\u0131 oldu\u011funu bilmesinden kaynakland\u0131\u011f\u0131n\u0131 fark ederek kedinin arkas\u0131ndan bakakald\u0131. Ay, birbirine dolanan dallar\u0131n aras\u0131ndan s\u00fcz\u00fclerek patikay\u0131 soluk \u0131\u015f\u0131\u011f\u0131 ile ayd\u0131nlatt\u0131. Yorgun bir bi\u00e7imde omuzlar\u0131n\u0131 d\u00fc\u015f\u00fcrd\u00fc ve orman\u0131n derinliklerine giden patikaya bakt\u0131. Baz\u0131 karanl\u0131klar insan\u0131 nas\u0131l da i\u00e7indeki ayd\u0131nl\u0131\u011fa \u00e7\u0131karabiliyordu. Y\u00fcz\u00fcne buruk bir g\u00fcl\u00fcmseme yerle\u015ftirdi ve \u015fehre giden patikaya do\u011fru y\u00f6nelerek kendisi ile y\u00fczle\u015fmek \u00fczere yol ald\u0131.\u00a0<\/span><\/p>\n<p><b>*M\u00fczik \u00f6nerisi: Dolu Kadehi Ters Tut &#8211; Karanl\u0131k<\/b><\/p>\n<p><span style=\"font-weight: 400;\">Yazar: Almina Kesler\u00a0<\/span><\/p>\n<p><span style=\"font-weight: 400;\">G\u00f6rsel Kaynak: <\/span><a href=\"https:\/\/pin.it\/3Aot6Y7ri\"><span style=\"font-weight: 400;\">https:\/\/pin.it\/3Aot6Y7ri<\/span><\/a><\/p>\n","protected":false},"excerpt":{"rendered":"<p>Belki de hayat dedi\u011fin ko\u015fu\u015fturmadan kafas\u0131n\u0131 kald\u0131rmayan sensindir. Ya\u015famay\u0131 unutan, bu y\u00fczden de kirli buldu\u011fun \u0131\u015f\u0131klar\u0131n aras\u0131nda kendini g\u00f6rmekten korktu\u011fun i\u00e7in karanl\u0131kta kendin olabildi\u011fini zanneden de sensindir.<\/p>\n","protected":false},"author":76,"featured_media":5064,"comment_status":"open","ping_status":"open","sticky":false,"template":"","format":"standard","meta":{"footnotes":""},"categories":[2,4,1],"tags":[],"yoast_head":"<!-- This site is optimized with the Yoast SEO plugin v21.0 - https:\/\/yoast.com\/wordpress\/plugins\/seo\/ -->\n<title>Herkes \u0130yiyse Bunca K\u00f6t\u00fc Kim? | Ak\u0131l Defterim<\/title>\n<meta name=\"description\" content=\"Psikoloji \u00f6\u011frencilerinin kaleminden yaz\u0131lar.\" \/>\n<meta name=\"robots\" content=\"index, follow, max-snippet:-1, max-image-preview:large, max-video-preview:-1\" \/>\n<link rel=\"canonical\" href=\"http:\/\/www.tpocg.org\/blog\/herkes-iyiyse-bunca-kotu-kim\" \/>\n<meta property=\"og:locale\" content=\"tr_TR\" \/>\n<meta property=\"og:type\" content=\"article\" \/>\n<meta property=\"og:title\" content=\"Herkes \u0130yiyse Bunca K\u00f6t\u00fc Kim? | Ak\u0131l Defterim\" \/>\n<meta property=\"og:description\" content=\"Psikoloji \u00f6\u011frencilerinin kaleminden yaz\u0131lar.\" \/>\n<meta property=\"og:url\" content=\"http:\/\/www.tpocg.org\/blog\/herkes-iyiyse-bunca-kotu-kim\" \/>\n<meta property=\"og:site_name\" content=\"Ak\u0131l Defterim\" \/>\n<meta property=\"article:publisher\" content=\"https:\/\/www.facebook.com\/tpocg\" \/>\n<meta property=\"article:published_time\" content=\"2024-02-20T13:17:12+00:00\" \/>\n<meta property=\"article:modified_time\" content=\"2024-02-19T14:29:42+00:00\" \/>\n<meta property=\"og:image\" content=\"http:\/\/www.tpocg.org\/blog\/wp-content\/uploads\/2024\/02\/Herkes-Iyiyse-Bunca-Kotu-Kim-Gorsel.jpg\" \/>\n\t<meta property=\"og:image:width\" content=\"736\" \/>\n\t<meta property=\"og:image:height\" content=\"776\" \/>\n\t<meta property=\"og:image:type\" content=\"image\/jpeg\" \/>\n<meta name=\"author\" content=\"Almina Kesler\" \/>\n<meta name=\"twitter:card\" content=\"summary_large_image\" \/>\n<meta name=\"twitter:creator\" content=\"@tpocg\" \/>\n<meta name=\"twitter:site\" content=\"@tpocg\" \/>\n<meta name=\"twitter:label1\" content=\"Yazan:\" \/>\n\t<meta name=\"twitter:data1\" content=\"Almina Kesler\" \/>\n\t<meta name=\"twitter:label2\" content=\"Tahmini okuma s\u00fcresi\" \/>\n\t<meta name=\"twitter:data2\" content=\"6 dakika\" \/>\n<script type=\"application\/ld+json\" class=\"yoast-schema-graph\">{\"@context\":\"https:\/\/schema.org\",\"@graph\":[{\"@type\":\"Article\",\"@id\":\"http:\/\/www.tpocg.org\/blog\/herkes-iyiyse-bunca-kotu-kim#article\",\"isPartOf\":{\"@id\":\"http:\/\/www.tpocg.org\/blog\/herkes-iyiyse-bunca-kotu-kim\"},\"author\":{\"name\":\"Almina Kesler\",\"@id\":\"http:\/\/www.tpocg.org\/blog\/#\/schema\/person\/929b5778339ec00910938018d8f3de1e\"},\"headline\":\"Herkes \u0130yiyse Bunca K\u00f6t\u00fc Kim?\",\"datePublished\":\"2024-02-20T13:17:12+00:00\",\"dateModified\":\"2024-02-19T14:29:42+00:00\",\"mainEntityOfPage\":{\"@id\":\"http:\/\/www.tpocg.org\/blog\/herkes-iyiyse-bunca-kotu-kim\"},\"wordCount\":1434,\"commentCount\":0,\"publisher\":{\"@id\":\"http:\/\/www.tpocg.org\/blog\/#organization\"},\"articleSection\":[\"Blog\",\"Denemeler\"],\"inLanguage\":\"tr\",\"potentialAction\":[{\"@type\":\"CommentAction\",\"name\":\"Comment\",\"target\":[\"http:\/\/www.tpocg.org\/blog\/herkes-iyiyse-bunca-kotu-kim#respond\"]}]},{\"@type\":\"WebPage\",\"@id\":\"http:\/\/www.tpocg.org\/blog\/herkes-iyiyse-bunca-kotu-kim\",\"url\":\"http:\/\/www.tpocg.org\/blog\/herkes-iyiyse-bunca-kotu-kim\",\"name\":\"Herkes \u0130yiyse Bunca K\u00f6t\u00fc Kim? | Ak\u0131l Defterim\",\"isPartOf\":{\"@id\":\"http:\/\/www.tpocg.org\/blog\/#website\"},\"datePublished\":\"2024-02-20T13:17:12+00:00\",\"dateModified\":\"2024-02-19T14:29:42+00:00\",\"description\":\"Psikoloji \u00f6\u011frencilerinin kaleminden yaz\u0131lar.\",\"breadcrumb\":{\"@id\":\"http:\/\/www.tpocg.org\/blog\/herkes-iyiyse-bunca-kotu-kim#breadcrumb\"},\"inLanguage\":\"tr\",\"potentialAction\":[{\"@type\":\"ReadAction\",\"target\":[\"http:\/\/www.tpocg.org\/blog\/herkes-iyiyse-bunca-kotu-kim\"]}]},{\"@type\":\"BreadcrumbList\",\"@id\":\"http:\/\/www.tpocg.org\/blog\/herkes-iyiyse-bunca-kotu-kim#breadcrumb\",\"itemListElement\":[{\"@type\":\"ListItem\",\"position\":1,\"name\":\"Ana sayfa\",\"item\":\"http:\/\/www.tpocg.org\/blog\"},{\"@type\":\"ListItem\",\"position\":2,\"name\":\"Herkes \u0130yiyse Bunca K\u00f6t\u00fc Kim?\"}]},{\"@type\":\"WebSite\",\"@id\":\"http:\/\/www.tpocg.org\/blog\/#website\",\"url\":\"http:\/\/www.tpocg.org\/blog\/\",\"name\":\"Ak\u0131l Defterim\",\"description\":\"Psikoloji \u00d6\u011frencilerinden Yaz\u0131lar\",\"publisher\":{\"@id\":\"http:\/\/www.tpocg.org\/blog\/#organization\"},\"potentialAction\":[{\"@type\":\"SearchAction\",\"target\":{\"@type\":\"EntryPoint\",\"urlTemplate\":\"http:\/\/www.tpocg.org\/blog\/?s={search_term_string}\"},\"query-input\":\"required name=search_term_string\"}],\"inLanguage\":\"tr\"},{\"@type\":\"Organization\",\"@id\":\"http:\/\/www.tpocg.org\/blog\/#organization\",\"name\":\"TP\u00d6\u00c7G\",\"url\":\"http:\/\/www.tpocg.org\/blog\/\",\"logo\":{\"@type\":\"ImageObject\",\"inLanguage\":\"tr\",\"@id\":\"http:\/\/www.tpocg.org\/blog\/#\/schema\/logo\/image\/\",\"url\":\"http:\/\/www.tpocg.org\/blog\/wp-content\/uploads\/2016\/03\/fav.jpg\",\"contentUrl\":\"http:\/\/www.tpocg.org\/blog\/wp-content\/uploads\/2016\/03\/fav.jpg\",\"width\":72,\"height\":72,\"caption\":\"TP\u00d6\u00c7G\"},\"image\":{\"@id\":\"http:\/\/www.tpocg.org\/blog\/#\/schema\/logo\/image\/\"},\"sameAs\":[\"https:\/\/www.facebook.com\/tpocg\",\"https:\/\/twitter.com\/tpocg\",\"https:\/\/www.instagram.com\/tpocg\",\"https:\/\/www.youtube.com\/user\/TPOCG\"]},{\"@type\":\"Person\",\"@id\":\"http:\/\/www.tpocg.org\/blog\/#\/schema\/person\/929b5778339ec00910938018d8f3de1e\",\"name\":\"Almina Kesler\",\"image\":{\"@type\":\"ImageObject\",\"inLanguage\":\"tr\",\"@id\":\"http:\/\/www.tpocg.org\/blog\/#\/schema\/person\/image\/\",\"url\":\"https:\/\/secure.gravatar.com\/avatar\/4b7e17cd0687272187fe1bd7e7b36d2a?s=96&d=mm&r=g\",\"contentUrl\":\"https:\/\/secure.gravatar.com\/avatar\/4b7e17cd0687272187fe1bd7e7b36d2a?s=96&d=mm&r=g\",\"caption\":\"Almina Kesler\"},\"url\":\"https:\/\/www.tpocg.org\/blog\/author\/almina\"}]}<\/script>\n<!-- \/ Yoast SEO plugin. -->","yoast_head_json":{"title":"Herkes \u0130yiyse Bunca K\u00f6t\u00fc Kim? | Ak\u0131l Defterim","description":"Psikoloji \u00f6\u011frencilerinin kaleminden yaz\u0131lar.","robots":{"index":"index","follow":"follow","max-snippet":"max-snippet:-1","max-image-preview":"max-image-preview:large","max-video-preview":"max-video-preview:-1"},"canonical":"http:\/\/www.tpocg.org\/blog\/herkes-iyiyse-bunca-kotu-kim","og_locale":"tr_TR","og_type":"article","og_title":"Herkes \u0130yiyse Bunca K\u00f6t\u00fc Kim? | Ak\u0131l Defterim","og_description":"Psikoloji \u00f6\u011frencilerinin kaleminden yaz\u0131lar.","og_url":"http:\/\/www.tpocg.org\/blog\/herkes-iyiyse-bunca-kotu-kim","og_site_name":"Ak\u0131l Defterim","article_publisher":"https:\/\/www.facebook.com\/tpocg","article_published_time":"2024-02-20T13:17:12+00:00","article_modified_time":"2024-02-19T14:29:42+00:00","og_image":[{"width":736,"height":776,"url":"http:\/\/www.tpocg.org\/blog\/wp-content\/uploads\/2024\/02\/Herkes-Iyiyse-Bunca-Kotu-Kim-Gorsel.jpg","type":"image\/jpeg"}],"author":"Almina Kesler","twitter_card":"summary_large_image","twitter_creator":"@tpocg","twitter_site":"@tpocg","twitter_misc":{"Yazan:":"Almina Kesler","Tahmini okuma s\u00fcresi":"6 dakika"},"schema":{"@context":"https:\/\/schema.org","@graph":[{"@type":"Article","@id":"http:\/\/www.tpocg.org\/blog\/herkes-iyiyse-bunca-kotu-kim#article","isPartOf":{"@id":"http:\/\/www.tpocg.org\/blog\/herkes-iyiyse-bunca-kotu-kim"},"author":{"name":"Almina Kesler","@id":"http:\/\/www.tpocg.org\/blog\/#\/schema\/person\/929b5778339ec00910938018d8f3de1e"},"headline":"Herkes \u0130yiyse Bunca K\u00f6t\u00fc Kim?","datePublished":"2024-02-20T13:17:12+00:00","dateModified":"2024-02-19T14:29:42+00:00","mainEntityOfPage":{"@id":"http:\/\/www.tpocg.org\/blog\/herkes-iyiyse-bunca-kotu-kim"},"wordCount":1434,"commentCount":0,"publisher":{"@id":"http:\/\/www.tpocg.org\/blog\/#organization"},"articleSection":["Blog","Denemeler"],"inLanguage":"tr","potentialAction":[{"@type":"CommentAction","name":"Comment","target":["http:\/\/www.tpocg.org\/blog\/herkes-iyiyse-bunca-kotu-kim#respond"]}]},{"@type":"WebPage","@id":"http:\/\/www.tpocg.org\/blog\/herkes-iyiyse-bunca-kotu-kim","url":"http:\/\/www.tpocg.org\/blog\/herkes-iyiyse-bunca-kotu-kim","name":"Herkes \u0130yiyse Bunca K\u00f6t\u00fc Kim? | Ak\u0131l Defterim","isPartOf":{"@id":"http:\/\/www.tpocg.org\/blog\/#website"},"datePublished":"2024-02-20T13:17:12+00:00","dateModified":"2024-02-19T14:29:42+00:00","description":"Psikoloji \u00f6\u011frencilerinin kaleminden yaz\u0131lar.","breadcrumb":{"@id":"http:\/\/www.tpocg.org\/blog\/herkes-iyiyse-bunca-kotu-kim#breadcrumb"},"inLanguage":"tr","potentialAction":[{"@type":"ReadAction","target":["http:\/\/www.tpocg.org\/blog\/herkes-iyiyse-bunca-kotu-kim"]}]},{"@type":"BreadcrumbList","@id":"http:\/\/www.tpocg.org\/blog\/herkes-iyiyse-bunca-kotu-kim#breadcrumb","itemListElement":[{"@type":"ListItem","position":1,"name":"Ana sayfa","item":"http:\/\/www.tpocg.org\/blog"},{"@type":"ListItem","position":2,"name":"Herkes \u0130yiyse Bunca K\u00f6t\u00fc Kim?"}]},{"@type":"WebSite","@id":"http:\/\/www.tpocg.org\/blog\/#website","url":"http:\/\/www.tpocg.org\/blog\/","name":"Ak\u0131l Defterim","description":"Psikoloji \u00d6\u011frencilerinden Yaz\u0131lar","publisher":{"@id":"http:\/\/www.tpocg.org\/blog\/#organization"},"potentialAction":[{"@type":"SearchAction","target":{"@type":"EntryPoint","urlTemplate":"http:\/\/www.tpocg.org\/blog\/?s={search_term_string}"},"query-input":"required name=search_term_string"}],"inLanguage":"tr"},{"@type":"Organization","@id":"http:\/\/www.tpocg.org\/blog\/#organization","name":"TP\u00d6\u00c7G","url":"http:\/\/www.tpocg.org\/blog\/","logo":{"@type":"ImageObject","inLanguage":"tr","@id":"http:\/\/www.tpocg.org\/blog\/#\/schema\/logo\/image\/","url":"http:\/\/www.tpocg.org\/blog\/wp-content\/uploads\/2016\/03\/fav.jpg","contentUrl":"http:\/\/www.tpocg.org\/blog\/wp-content\/uploads\/2016\/03\/fav.jpg","width":72,"height":72,"caption":"TP\u00d6\u00c7G"},"image":{"@id":"http:\/\/www.tpocg.org\/blog\/#\/schema\/logo\/image\/"},"sameAs":["https:\/\/www.facebook.com\/tpocg","https:\/\/twitter.com\/tpocg","https:\/\/www.instagram.com\/tpocg","https:\/\/www.youtube.com\/user\/TPOCG"]},{"@type":"Person","@id":"http:\/\/www.tpocg.org\/blog\/#\/schema\/person\/929b5778339ec00910938018d8f3de1e","name":"Almina Kesler","image":{"@type":"ImageObject","inLanguage":"tr","@id":"http:\/\/www.tpocg.org\/blog\/#\/schema\/person\/image\/","url":"https:\/\/secure.gravatar.com\/avatar\/4b7e17cd0687272187fe1bd7e7b36d2a?s=96&d=mm&r=g","contentUrl":"https:\/\/secure.gravatar.com\/avatar\/4b7e17cd0687272187fe1bd7e7b36d2a?s=96&d=mm&r=g","caption":"Almina Kesler"},"url":"https:\/\/www.tpocg.org\/blog\/author\/almina"}]}},"_links":{"self":[{"href":"https:\/\/www.tpocg.org\/blog\/wp-json\/wp\/v2\/posts\/5063"}],"collection":[{"href":"https:\/\/www.tpocg.org\/blog\/wp-json\/wp\/v2\/posts"}],"about":[{"href":"https:\/\/www.tpocg.org\/blog\/wp-json\/wp\/v2\/types\/post"}],"author":[{"embeddable":true,"href":"https:\/\/www.tpocg.org\/blog\/wp-json\/wp\/v2\/users\/76"}],"replies":[{"embeddable":true,"href":"https:\/\/www.tpocg.org\/blog\/wp-json\/wp\/v2\/comments?post=5063"}],"version-history":[{"count":2,"href":"https:\/\/www.tpocg.org\/blog\/wp-json\/wp\/v2\/posts\/5063\/revisions"}],"predecessor-version":[{"id":5069,"href":"https:\/\/www.tpocg.org\/blog\/wp-json\/wp\/v2\/posts\/5063\/revisions\/5069"}],"wp:featuredmedia":[{"embeddable":true,"href":"https:\/\/www.tpocg.org\/blog\/wp-json\/wp\/v2\/media\/5064"}],"wp:attachment":[{"href":"https:\/\/www.tpocg.org\/blog\/wp-json\/wp\/v2\/media?parent=5063"}],"wp:term":[{"taxonomy":"category","embeddable":true,"href":"https:\/\/www.tpocg.org\/blog\/wp-json\/wp\/v2\/categories?post=5063"},{"taxonomy":"post_tag","embeddable":true,"href":"https:\/\/www.tpocg.org\/blog\/wp-json\/wp\/v2\/tags?post=5063"}],"curies":[{"name":"wp","href":"https:\/\/api.w.org\/{rel}","templated":true}]}}