{"id":4986,"date":"2024-01-11T17:00:44","date_gmt":"2024-01-11T14:00:44","guid":{"rendered":"https:\/\/www.tpocg.org\/blog\/?p=4986"},"modified":"2024-01-01T21:24:14","modified_gmt":"2024-01-01T18:24:14","slug":"ne-olacak-bu-dusunceler","status":"publish","type":"post","link":"https:\/\/www.tpocg.org\/blog\/ne-olacak-bu-dusunceler","title":{"rendered":"Ne Olacak Bu D\u00fc\u015f\u00fcnceler?"},"content":{"rendered":"<p><i><span style=\"font-weight: 400;\">(Bu yaz\u0131n\u0131n okunmas\u0131 yakla\u015f\u0131k olarak 4 dakika s\u00fcrmektedir.)<\/span><\/i><span style=\"font-weight: 400;\">\u00a0<\/span><\/p>\n<p><span style=\"font-weight: 400;\">\u201cBen d\u00fcn gece bir r\u00fcya g\u00f6rd\u00fcm.\u201d<\/span><\/p>\n<p><span style=\"font-weight: 400;\">Oturdu\u011fu bankta so\u011fuktan y\u00fcz\u00fcne ince i\u011fnelerin batt\u0131\u011f\u0131n\u0131 hissetse de kalk\u0131p gitmek gibi bir niyeti yoktu. Yan\u0131nda oturan arkada\u015f\u0131 ellerini cebine koymu\u015f, adam\u0131n konu\u015fmas\u0131yla bak\u0131\u015flar\u0131n\u0131 onun taraf\u0131na \u00e7evirmi\u015fti. Sonras\u0131nda so\u011fuktan dolay\u0131 b\u00fcz\u00fc\u015fmeye ve kar\u015f\u0131y\u0131 izlemeye devam etmi\u015fti.\u00a0<\/span><\/p>\n<p><span style=\"font-weight: 400;\">\u201cR\u00fcyalar d\u00fc\u015f\u00fcnceleri yans\u0131t\u0131r.\u201d dedi arkada\u015f\u0131. \u201cD\u00fc\u015f\u00fcncelerini kendine sakla. Kimsenin bilmesine izin verme.\u201d<\/span><\/p>\n<p><span style=\"font-weight: 400;\">\u201cPeki ne olacak bu d\u00fc\u015f\u00fcnceler?\u201d<\/span><\/p>\n<p><span style=\"font-weight: 400;\">Adam, hayat\u0131 ya\u015famaya de\u011fer k\u0131lan \u015feyin ona y\u00fckledi\u011fi anlam oldu\u011funu d\u00fc\u015f\u00fcn\u00fcrd\u00fc ve ait oldu\u011fu yeri buldu\u011fu vakit hayat\u0131n anlam\u0131n\u0131 da bulaca\u011f\u0131na inan\u0131rd\u0131. Zaman ge\u00e7tik\u00e7e, d\u00fcnyada bir yere ait hissetmenin esas\u0131nda ne kadar da zor oldu\u011funu fark etti. Arad\u0131\u011f\u0131 anlam\u0131 bulmakta bu denli zorlanaca\u011f\u0131n\u0131 asla bilemezdi. Buna kar\u015f\u0131n umudunu kaybetti\u011fi zamanlar nadir olurdu. O hep zindandan hallice d\u00fc\u015f\u00fcncelerinin i\u00e7inden bir kurtulu\u015f yolu bulaca\u011f\u0131na dair inanc\u0131 diri tutard\u0131 y\u00fcre\u011finde. Belki bir anlam bulamam\u0131\u015ft\u0131 ama o anlam\u0131 bulaca\u011f\u0131na dair umudu, hayat\u0131 ya\u015famaya de\u011fer k\u0131lm\u0131\u015ft\u0131 onun i\u00e7in.\u00a0<\/span><\/p>\n<p><span style=\"font-weight: 400;\">Fakat g\u00fcnler \u00f6ncesinde bu inanc\u0131n \u0131\u015f\u0131\u011f\u0131, r\u00fczg\u00e2ra esir olmu\u015f mumun alev tanesi gibi s\u00f6nd\u00fc.\u00a0<\/span><\/p>\n<p><span style=\"font-weight: 400;\">Art\u0131k hayat\u0131n anlam\u0131n\u0131n olup olmamas\u0131n\u0131n hi\u00e7bir anlam\u0131 kalmam\u0131\u015ft\u0131 onun nezdinde. Birka\u00e7 g\u00fcn \u00f6nce kara bir bulut gibi tepesine \u00fc\u015f\u00fc\u015fen haberi ald\u0131\u011f\u0131 \u00e2ndan itibaren, s\u00f6nen umut mumlar\u0131n\u0131n hi\u00e7biri hayat\u0131na k\u0131ymet y\u00fckleyece\u011fi o \u0131\u015f\u0131klar\u0131 sa\u00e7amad\u0131 yeniden.<\/span><\/p>\n<p><span style=\"font-weight: 400;\">O haberi alm\u0131\u015f olmaktan ziyade; haberi ald\u0131\u011f\u0131 so\u011fuk hastane koridorundan gecenin bir vakti ayr\u0131ld\u0131\u011f\u0131nda ve duvarlar\u0131 \u00f6l\u00fcm\u00fcn kokusunu i\u00e7ine hapsetmi\u015f odaya girdi\u011finde, odan\u0131n ortas\u0131na yapraklar\u0131 a\u00e7\u0131k \u015fekilde ortada b\u0131rak\u0131lm\u0131\u015f defterin aras\u0131na s\u0131k\u0131\u015fm\u0131\u015f \u00fc\u00e7 tane k\u00e2\u011f\u0131t par\u00e7as\u0131n\u0131n i\u00e7inde yaz\u0131lanlar\u0131 okumak, zihninden uzak tutmaya \u00e7al\u0131\u015ft\u0131\u011f\u0131 o sorgular\u0131 tekrar g\u00fcn y\u00fcz\u00fcne \u00e7\u0131karm\u0131\u015ft\u0131.<\/span><\/p>\n<p><span style=\"font-weight: 400;\">Ne olacak bu d\u00fc\u015f\u00fcnceler?<\/span><\/p>\n<p><i><span style=\"font-weight: 400;\">\u201c\u2026Karanl\u0131k, sonsuz bir \u00e7ukurdan a\u015fa\u011f\u0131ya d\u00fc\u015ferken sa\u011fdan soldan s\u00fcrekli bir \u015feylere tutunmak i\u00e7in \u00e7abal\u0131yorum hayattan yok olmamak ad\u0131na lakin tutundu\u011fum her dal elimde kal\u0131yormu\u015f gibi hissediyorum.\u00a0<\/span><\/i><\/p>\n<p><strong><i>Ait hissedebilmek ad\u0131na kendimden her g\u00fcn ayr\u0131 bir par\u00e7a b\u0131rakt\u0131\u011f\u0131m bu hayat bana o kadar yabanc\u0131 ki; sanki bir \u00e2nda yok olsam hayattan, bunun fark\u0131na ben d\u00e2hi varamayaca\u011f\u0131m.<\/i><i>\u00a0<\/i><\/strong><\/p>\n<p><i><span style=\"font-weight: 400;\">\u0130nsan\u0131n ya\u015fad\u0131\u011f\u0131 hayatta bir yuvas\u0131n\u0131n olmamas\u0131, sevgiyi hissedememesi \u00e7ok zor. Umutla \u00e7\u0131kt\u0131\u011f\u0131m her yolun sonunda zincir \u00e7ekilmi\u015f demir kap\u0131larla kar\u015f\u0131la\u015fmak, yeni bir yol bulma arzumu k\u00f6k\u00fcnden s\u00f6k\u00fcp at\u0131yor. Art\u0131k zihnime i\u015fleyen t\u00fcm o tecr\u00fcbeler beni g\u00fc\u00e7lendirmekten \u00e7ok mutlulu\u011fumu elimden alm\u0131\u015f, geriye ama\u00e7s\u0131z bir hayat\u0131 \u00f6n\u00fcme sunmu\u015ftu. O sonsuz \u00e7ukurdan d\u00fc\u015fmeye devam ettik\u00e7e ilerleme korkusu yan\u0131mdan ayr\u0131lm\u0131yor. \u0130\u00e7ine hapsoldu\u011fum bu karanl\u0131kta tek bir \u0131\u015f\u0131\u011fa yabanc\u0131la\u015ft\u0131k\u00e7a avu\u00e7lar\u0131ma doldurdu\u011fum umutlar\u0131n birer birer parmaklar\u0131m\u0131n aras\u0131ndan kay\u0131p gitti\u011fini hissediyorum\u2026\u201d<\/span><\/i><\/p>\n<p><span style=\"font-weight: 400;\">Bu yaz\u0131lar\u0131n sahibi hayattan ayr\u0131lmadan g\u00fcnler \u00f6nce konu\u015fmak i\u00e7in adam\u0131n yan\u0131na gelmi\u015fti ve yine yaln\u0131zl\u0131ktan a\u00e7m\u0131\u015ft\u0131 konuyu. Adamla konu\u015fma f\u0131rsat\u0131 buldu\u011fu her \u00e2n s\u00fcrekli yaln\u0131zl\u0131ktan bahsederdi\u2026 \u00c7ok garipti.<\/span> <span style=\"font-weight: 400;\">Oysa bahsetti\u011fi kadar yaln\u0131z olsayd\u0131 ger\u00e7ekten, \u00f6l\u00fcm haberini alan t\u00fcm bu insanlar\u0131n sanki bunu yapacak en son ki\u015fi o gen\u00e7mi\u015f gibi deh\u015fet dolu bir \u015fa\u015fk\u0131nl\u0131\u011fa kap\u0131lmalar\u0131 gerekmiyor muydu? Adam\u0131 da en \u00e7ok bu \u015fa\u015f\u0131rtt\u0131.\u00a0<\/span><\/p>\n<p><span style=\"font-weight: 400;\">Herkes sonucun ne olaca\u011f\u0131n\u0131 bir \u015fekilde biliyordu. Kara bulutlar\u0131n esintisi \u00e7oktan her birinin ruhunu \u00fc\u015f\u00fctm\u00fc\u015f, gencin yard\u0131m yakar\u0131\u015flar\u0131na kulak misafiri olmu\u015flard\u0131. Ama kimse buna engel olmak i\u00e7in bir \u015fey yapmam\u0131\u015ft\u0131. Belki de gen\u00e7, bahsetti\u011finden \u00e7ok daha yaln\u0131zd\u0131. \u00d6yle ki yapt\u0131\u011f\u0131 \u015feye ra\u011fmen onun ya\u015famaktan ziyade \u00f6lmekten korktu\u011funu hi\u00e7 kimse bilemeyecekti.\u00a0<\/span><\/p>\n<p><span style=\"font-weight: 400;\">\u201cNe g\u00f6rd\u00fcn r\u00fcyanda?\u201d diye sordu arkada\u015f\u0131 dayanamadan. Adam\u0131n akl\u0131na yeniden g\u00fcl\u00fcmseyen gencin y\u00fcz\u00fc geldi\u011finde s\u0131k\u0131\u015fan kalbiyle beraber g\u00f6zlerini kapatma ihtiyac\u0131 hissetti bir s\u00fcre. <\/span><i><span style=\"font-weight: 400;\">\u201cKe\u015fke\u2026\u201d<\/span><\/i><span style=\"font-weight: 400;\"> demi\u015fti r\u00fcyas\u0131ndan uyand\u0131\u011f\u0131 vakit. <\/span><i><span style=\"font-weight: 400;\">\u201cKe\u015fke \u00f6zg\u00fcr b\u0131raksayd\u0131 d\u00fc\u015f\u00fcncelerini.\u201d<\/span><\/i><\/p>\n<p><span style=\"font-weight: 400;\">\u201cB\u00fcy\u00fcm\u00fc\u015ft\u00fc\u2026 Onu ilk defa i\u00e7ten g\u00fclerken g\u00f6rd\u00fcm. \u0130lk defa kalbinde sevginin yer edindi\u011fini g\u00f6rd\u00fcm.\u201d<\/span><\/p>\n<p><span style=\"font-weight: 400;\">\u201cO \u00e7ocu\u011fun hayat\u0131nda bu duygu ger\u00e7ekten var olsayd\u0131, d\u00fcnyaya ait hissedebilirdi kendisini.\u201d<\/span><\/p>\n<p><span style=\"font-weight: 400;\">\u201c\u00d6yle\u2026 Ke\u015fke \u00f6zg\u00fcr b\u0131raksa insanlar sevgilerini.\u201d<\/span><\/p>\n<p><span style=\"font-weight: 400;\">\u0130nsan\u0131 hayata ba\u011flayan yeg\u00e2ne duyguydu \u00e7\u00fcnk\u00fc o. \u0130nsan her daim sevgiyi hissetti\u011fi yerde durmak ister, oradan ya\u015famak i\u00e7in g\u00fc\u00e7 al\u0131rd\u0131. Sevgi denen bu duygu, insana ihtiyac\u0131 oldu\u011fu o aidiyeti hissettirirdi.<\/span><\/p>\n<p><span style=\"font-weight: 400;\">Lakin sanki hi\u00e7 kimsenin art\u0131k bu d\u00fcnyada ait oldu\u011fu bir yer kalmam\u0131\u015ft\u0131.<\/span><\/p>\n<p><span style=\"font-weight: 400;\">\u0130nsanlar sevmeyi b\u0131rakt\u0131; b\u0131rakt\u0131\u011f\u0131 vakit \u00f6nce birbirlerinden, sonra hayattan uzakla\u015ft\u0131. Kalplerinde koparmak ad\u0131na kurduklar\u0131 ba\u011flar kesildik\u00e7e o ipler kalplerine doland\u0131, ba\u011flar\u0131n aras\u0131nda s\u0131k\u0131\u015fan kalpleri sevgiyi de onun k\u0131ymetini de unuttu. <\/span><i><span style=\"font-weight: 400;\">Avu\u00e7lar\u0131nda h\u00e2len y\u0131ld\u0131z gibi parlayan umutlar\u0131 sakl\u0131yorlard\u0131 belki ama her bir k\u00f6t\u00fcl\u00fckten ar\u0131nm\u0131\u015f saf sevgiyi hissetme umudu yaln\u0131zca masallarda gizlenen kahramanlara \u00f6zg\u00fc oluverdi.<\/span><\/i><\/p>\n<p><span style=\"font-weight: 400;\">Genci anlayan insanlar oldu elbet fakat o sevdikleri taraf\u0131ndan asla anla\u015f\u0131lmad\u0131. Halbuki en \u00e7ok da onlar\u0131n dinlemesine, anlamas\u0131na, \u00e7abalamas\u0131na ihtiyac\u0131 vard\u0131. \u015eu saatten sonra ise anla\u015f\u0131l\u0131p anla\u015f\u0131lmaman\u0131n hi\u00e7bir \u00f6nemi kalmam\u0131\u015ft\u0131.\u00a0<\/span><\/p>\n<p><span style=\"font-weight: 400;\">Kendisinden umudu kesmi\u015f bir insandan herkes umudunu keserdi. Belki de bu y\u00fczden baz\u0131 d\u00fc\u015f\u00fcnceler ger\u00e7ekten de gizli kalmal\u0131yd\u0131.<\/span><\/p>\n<p><span style=\"font-weight: 400;\">Yazar: Beyza Dilara Me\u015feci<\/span><\/p>\n<p><span style=\"font-weight: 400;\">G\u00f6rsel Kaynak: https:\/\/tr.pinterest.com\/pin\/70437486734379\/<\/span><\/p>\n","protected":false},"excerpt":{"rendered":"<p>Ait hissedebilmek ad\u0131na kendimden her g\u00fcn ayr\u0131 bir par\u00e7a b\u0131rakt\u0131\u011f\u0131m bu hayat bana o kadar yabanc\u0131 ki; sanki bir \u00e2nda yok olsam hayattan, bunun fark\u0131na ben d\u00e2hi varamayaca\u011f\u0131m.\u00a0<\/p>\n","protected":false},"author":84,"featured_media":4987,"comment_status":"open","ping_status":"open","sticky":false,"template":"","format":"standard","meta":{"footnotes":""},"categories":[2,4,1],"tags":[],"yoast_head":"<!-- This site is optimized with the Yoast SEO plugin v21.0 - https:\/\/yoast.com\/wordpress\/plugins\/seo\/ -->\n<title>Ne Olacak Bu D\u00fc\u015f\u00fcnceler? | Ak\u0131l Defterim<\/title>\n<meta name=\"description\" content=\"Psikoloji \u00f6\u011frencilerinin kaleminden yaz\u0131lar.\" \/>\n<meta name=\"robots\" content=\"index, follow, max-snippet:-1, max-image-preview:large, max-video-preview:-1\" \/>\n<link rel=\"canonical\" href=\"https:\/\/www.tpocg.org\/blog\/ne-olacak-bu-dusunceler\" \/>\n<meta property=\"og:locale\" content=\"tr_TR\" \/>\n<meta property=\"og:type\" content=\"article\" \/>\n<meta property=\"og:title\" content=\"Ne Olacak Bu D\u00fc\u015f\u00fcnceler? | Ak\u0131l Defterim\" \/>\n<meta property=\"og:description\" content=\"Psikoloji \u00f6\u011frencilerinin kaleminden yaz\u0131lar.\" \/>\n<meta property=\"og:url\" content=\"https:\/\/www.tpocg.org\/blog\/ne-olacak-bu-dusunceler\" \/>\n<meta property=\"og:site_name\" content=\"Ak\u0131l Defterim\" \/>\n<meta property=\"article:publisher\" content=\"https:\/\/www.facebook.com\/tpocg\" \/>\n<meta property=\"article:published_time\" content=\"2024-01-11T14:00:44+00:00\" \/>\n<meta property=\"article:modified_time\" content=\"2024-01-01T18:24:14+00:00\" \/>\n<meta property=\"og:image\" content=\"https:\/\/www.tpocg.org\/blog\/wp-content\/uploads\/2024\/01\/Ne-Olacak-Bu-Dusunceler-Beyza-Dilara-Meseci.jpg\" \/>\n\t<meta property=\"og:image:width\" content=\"736\" \/>\n\t<meta property=\"og:image:height\" content=\"930\" \/>\n\t<meta property=\"og:image:type\" content=\"image\/jpeg\" \/>\n<meta name=\"author\" content=\"Beyza Dilara Me\u015feci\" \/>\n<meta name=\"twitter:card\" content=\"summary_large_image\" \/>\n<meta name=\"twitter:creator\" content=\"@tpocg\" \/>\n<meta name=\"twitter:site\" content=\"@tpocg\" \/>\n<meta name=\"twitter:label1\" content=\"Yazan:\" \/>\n\t<meta name=\"twitter:data1\" content=\"Beyza Dilara Me\u015feci\" \/>\n\t<meta name=\"twitter:label2\" content=\"Tahmini okuma s\u00fcresi\" \/>\n\t<meta name=\"twitter:data2\" content=\"5 dakika\" \/>\n<script type=\"application\/ld+json\" class=\"yoast-schema-graph\">{\"@context\":\"https:\/\/schema.org\",\"@graph\":[{\"@type\":\"Article\",\"@id\":\"https:\/\/www.tpocg.org\/blog\/ne-olacak-bu-dusunceler#article\",\"isPartOf\":{\"@id\":\"https:\/\/www.tpocg.org\/blog\/ne-olacak-bu-dusunceler\"},\"author\":{\"name\":\"Beyza Dilara Me\u015feci\",\"@id\":\"http:\/\/www.tpocg.org\/blog\/#\/schema\/person\/3587198afc98cd7d2ede4edbcf471d9b\"},\"headline\":\"Ne Olacak Bu D\u00fc\u015f\u00fcnceler?\",\"datePublished\":\"2024-01-11T14:00:44+00:00\",\"dateModified\":\"2024-01-01T18:24:14+00:00\",\"mainEntityOfPage\":{\"@id\":\"https:\/\/www.tpocg.org\/blog\/ne-olacak-bu-dusunceler\"},\"wordCount\":1027,\"commentCount\":0,\"publisher\":{\"@id\":\"http:\/\/www.tpocg.org\/blog\/#organization\"},\"articleSection\":[\"Blog\",\"Denemeler\"],\"inLanguage\":\"tr\",\"potentialAction\":[{\"@type\":\"CommentAction\",\"name\":\"Comment\",\"target\":[\"https:\/\/www.tpocg.org\/blog\/ne-olacak-bu-dusunceler#respond\"]}]},{\"@type\":\"WebPage\",\"@id\":\"https:\/\/www.tpocg.org\/blog\/ne-olacak-bu-dusunceler\",\"url\":\"https:\/\/www.tpocg.org\/blog\/ne-olacak-bu-dusunceler\",\"name\":\"Ne Olacak Bu D\u00fc\u015f\u00fcnceler? | Ak\u0131l Defterim\",\"isPartOf\":{\"@id\":\"http:\/\/www.tpocg.org\/blog\/#website\"},\"datePublished\":\"2024-01-11T14:00:44+00:00\",\"dateModified\":\"2024-01-01T18:24:14+00:00\",\"description\":\"Psikoloji \u00f6\u011frencilerinin kaleminden yaz\u0131lar.\",\"breadcrumb\":{\"@id\":\"https:\/\/www.tpocg.org\/blog\/ne-olacak-bu-dusunceler#breadcrumb\"},\"inLanguage\":\"tr\",\"potentialAction\":[{\"@type\":\"ReadAction\",\"target\":[\"https:\/\/www.tpocg.org\/blog\/ne-olacak-bu-dusunceler\"]}]},{\"@type\":\"BreadcrumbList\",\"@id\":\"https:\/\/www.tpocg.org\/blog\/ne-olacak-bu-dusunceler#breadcrumb\",\"itemListElement\":[{\"@type\":\"ListItem\",\"position\":1,\"name\":\"Ana sayfa\",\"item\":\"http:\/\/www.tpocg.org\/blog\"},{\"@type\":\"ListItem\",\"position\":2,\"name\":\"Ne Olacak Bu D\u00fc\u015f\u00fcnceler?\"}]},{\"@type\":\"WebSite\",\"@id\":\"http:\/\/www.tpocg.org\/blog\/#website\",\"url\":\"http:\/\/www.tpocg.org\/blog\/\",\"name\":\"Ak\u0131l Defterim\",\"description\":\"Psikoloji \u00d6\u011frencilerinden Yaz\u0131lar\",\"publisher\":{\"@id\":\"http:\/\/www.tpocg.org\/blog\/#organization\"},\"potentialAction\":[{\"@type\":\"SearchAction\",\"target\":{\"@type\":\"EntryPoint\",\"urlTemplate\":\"http:\/\/www.tpocg.org\/blog\/?s={search_term_string}\"},\"query-input\":\"required name=search_term_string\"}],\"inLanguage\":\"tr\"},{\"@type\":\"Organization\",\"@id\":\"http:\/\/www.tpocg.org\/blog\/#organization\",\"name\":\"TP\u00d6\u00c7G\",\"url\":\"http:\/\/www.tpocg.org\/blog\/\",\"logo\":{\"@type\":\"ImageObject\",\"inLanguage\":\"tr\",\"@id\":\"http:\/\/www.tpocg.org\/blog\/#\/schema\/logo\/image\/\",\"url\":\"http:\/\/www.tpocg.org\/blog\/wp-content\/uploads\/2016\/03\/fav.jpg\",\"contentUrl\":\"http:\/\/www.tpocg.org\/blog\/wp-content\/uploads\/2016\/03\/fav.jpg\",\"width\":72,\"height\":72,\"caption\":\"TP\u00d6\u00c7G\"},\"image\":{\"@id\":\"http:\/\/www.tpocg.org\/blog\/#\/schema\/logo\/image\/\"},\"sameAs\":[\"https:\/\/www.facebook.com\/tpocg\",\"https:\/\/twitter.com\/tpocg\",\"https:\/\/www.instagram.com\/tpocg\",\"https:\/\/www.youtube.com\/user\/TPOCG\"]},{\"@type\":\"Person\",\"@id\":\"http:\/\/www.tpocg.org\/blog\/#\/schema\/person\/3587198afc98cd7d2ede4edbcf471d9b\",\"name\":\"Beyza Dilara Me\u015feci\",\"image\":{\"@type\":\"ImageObject\",\"inLanguage\":\"tr\",\"@id\":\"http:\/\/www.tpocg.org\/blog\/#\/schema\/person\/image\/\",\"url\":\"https:\/\/secure.gravatar.com\/avatar\/987e8160e663ee34cf122bf71aa2a0e9?s=96&d=mm&r=g\",\"contentUrl\":\"https:\/\/secure.gravatar.com\/avatar\/987e8160e663ee34cf122bf71aa2a0e9?s=96&d=mm&r=g\",\"caption\":\"Beyza Dilara Me\u015feci\"},\"url\":\"https:\/\/www.tpocg.org\/blog\/author\/beyza-dilara\"}]}<\/script>\n<!-- \/ Yoast SEO plugin. -->","yoast_head_json":{"title":"Ne Olacak Bu D\u00fc\u015f\u00fcnceler? | Ak\u0131l Defterim","description":"Psikoloji \u00f6\u011frencilerinin kaleminden yaz\u0131lar.","robots":{"index":"index","follow":"follow","max-snippet":"max-snippet:-1","max-image-preview":"max-image-preview:large","max-video-preview":"max-video-preview:-1"},"canonical":"https:\/\/www.tpocg.org\/blog\/ne-olacak-bu-dusunceler","og_locale":"tr_TR","og_type":"article","og_title":"Ne Olacak Bu D\u00fc\u015f\u00fcnceler? | Ak\u0131l Defterim","og_description":"Psikoloji \u00f6\u011frencilerinin kaleminden yaz\u0131lar.","og_url":"https:\/\/www.tpocg.org\/blog\/ne-olacak-bu-dusunceler","og_site_name":"Ak\u0131l Defterim","article_publisher":"https:\/\/www.facebook.com\/tpocg","article_published_time":"2024-01-11T14:00:44+00:00","article_modified_time":"2024-01-01T18:24:14+00:00","og_image":[{"width":736,"height":930,"url":"https:\/\/www.tpocg.org\/blog\/wp-content\/uploads\/2024\/01\/Ne-Olacak-Bu-Dusunceler-Beyza-Dilara-Meseci.jpg","type":"image\/jpeg"}],"author":"Beyza Dilara Me\u015feci","twitter_card":"summary_large_image","twitter_creator":"@tpocg","twitter_site":"@tpocg","twitter_misc":{"Yazan:":"Beyza Dilara Me\u015feci","Tahmini okuma s\u00fcresi":"5 dakika"},"schema":{"@context":"https:\/\/schema.org","@graph":[{"@type":"Article","@id":"https:\/\/www.tpocg.org\/blog\/ne-olacak-bu-dusunceler#article","isPartOf":{"@id":"https:\/\/www.tpocg.org\/blog\/ne-olacak-bu-dusunceler"},"author":{"name":"Beyza Dilara Me\u015feci","@id":"http:\/\/www.tpocg.org\/blog\/#\/schema\/person\/3587198afc98cd7d2ede4edbcf471d9b"},"headline":"Ne Olacak Bu D\u00fc\u015f\u00fcnceler?","datePublished":"2024-01-11T14:00:44+00:00","dateModified":"2024-01-01T18:24:14+00:00","mainEntityOfPage":{"@id":"https:\/\/www.tpocg.org\/blog\/ne-olacak-bu-dusunceler"},"wordCount":1027,"commentCount":0,"publisher":{"@id":"http:\/\/www.tpocg.org\/blog\/#organization"},"articleSection":["Blog","Denemeler"],"inLanguage":"tr","potentialAction":[{"@type":"CommentAction","name":"Comment","target":["https:\/\/www.tpocg.org\/blog\/ne-olacak-bu-dusunceler#respond"]}]},{"@type":"WebPage","@id":"https:\/\/www.tpocg.org\/blog\/ne-olacak-bu-dusunceler","url":"https:\/\/www.tpocg.org\/blog\/ne-olacak-bu-dusunceler","name":"Ne Olacak Bu D\u00fc\u015f\u00fcnceler? | Ak\u0131l Defterim","isPartOf":{"@id":"http:\/\/www.tpocg.org\/blog\/#website"},"datePublished":"2024-01-11T14:00:44+00:00","dateModified":"2024-01-01T18:24:14+00:00","description":"Psikoloji \u00f6\u011frencilerinin kaleminden yaz\u0131lar.","breadcrumb":{"@id":"https:\/\/www.tpocg.org\/blog\/ne-olacak-bu-dusunceler#breadcrumb"},"inLanguage":"tr","potentialAction":[{"@type":"ReadAction","target":["https:\/\/www.tpocg.org\/blog\/ne-olacak-bu-dusunceler"]}]},{"@type":"BreadcrumbList","@id":"https:\/\/www.tpocg.org\/blog\/ne-olacak-bu-dusunceler#breadcrumb","itemListElement":[{"@type":"ListItem","position":1,"name":"Ana sayfa","item":"http:\/\/www.tpocg.org\/blog"},{"@type":"ListItem","position":2,"name":"Ne Olacak Bu D\u00fc\u015f\u00fcnceler?"}]},{"@type":"WebSite","@id":"http:\/\/www.tpocg.org\/blog\/#website","url":"http:\/\/www.tpocg.org\/blog\/","name":"Ak\u0131l Defterim","description":"Psikoloji \u00d6\u011frencilerinden Yaz\u0131lar","publisher":{"@id":"http:\/\/www.tpocg.org\/blog\/#organization"},"potentialAction":[{"@type":"SearchAction","target":{"@type":"EntryPoint","urlTemplate":"http:\/\/www.tpocg.org\/blog\/?s={search_term_string}"},"query-input":"required name=search_term_string"}],"inLanguage":"tr"},{"@type":"Organization","@id":"http:\/\/www.tpocg.org\/blog\/#organization","name":"TP\u00d6\u00c7G","url":"http:\/\/www.tpocg.org\/blog\/","logo":{"@type":"ImageObject","inLanguage":"tr","@id":"http:\/\/www.tpocg.org\/blog\/#\/schema\/logo\/image\/","url":"http:\/\/www.tpocg.org\/blog\/wp-content\/uploads\/2016\/03\/fav.jpg","contentUrl":"http:\/\/www.tpocg.org\/blog\/wp-content\/uploads\/2016\/03\/fav.jpg","width":72,"height":72,"caption":"TP\u00d6\u00c7G"},"image":{"@id":"http:\/\/www.tpocg.org\/blog\/#\/schema\/logo\/image\/"},"sameAs":["https:\/\/www.facebook.com\/tpocg","https:\/\/twitter.com\/tpocg","https:\/\/www.instagram.com\/tpocg","https:\/\/www.youtube.com\/user\/TPOCG"]},{"@type":"Person","@id":"http:\/\/www.tpocg.org\/blog\/#\/schema\/person\/3587198afc98cd7d2ede4edbcf471d9b","name":"Beyza Dilara Me\u015feci","image":{"@type":"ImageObject","inLanguage":"tr","@id":"http:\/\/www.tpocg.org\/blog\/#\/schema\/person\/image\/","url":"https:\/\/secure.gravatar.com\/avatar\/987e8160e663ee34cf122bf71aa2a0e9?s=96&d=mm&r=g","contentUrl":"https:\/\/secure.gravatar.com\/avatar\/987e8160e663ee34cf122bf71aa2a0e9?s=96&d=mm&r=g","caption":"Beyza Dilara Me\u015feci"},"url":"https:\/\/www.tpocg.org\/blog\/author\/beyza-dilara"}]}},"_links":{"self":[{"href":"https:\/\/www.tpocg.org\/blog\/wp-json\/wp\/v2\/posts\/4986"}],"collection":[{"href":"https:\/\/www.tpocg.org\/blog\/wp-json\/wp\/v2\/posts"}],"about":[{"href":"https:\/\/www.tpocg.org\/blog\/wp-json\/wp\/v2\/types\/post"}],"author":[{"embeddable":true,"href":"https:\/\/www.tpocg.org\/blog\/wp-json\/wp\/v2\/users\/84"}],"replies":[{"embeddable":true,"href":"https:\/\/www.tpocg.org\/blog\/wp-json\/wp\/v2\/comments?post=4986"}],"version-history":[{"count":2,"href":"https:\/\/www.tpocg.org\/blog\/wp-json\/wp\/v2\/posts\/4986\/revisions"}],"predecessor-version":[{"id":4989,"href":"https:\/\/www.tpocg.org\/blog\/wp-json\/wp\/v2\/posts\/4986\/revisions\/4989"}],"wp:featuredmedia":[{"embeddable":true,"href":"https:\/\/www.tpocg.org\/blog\/wp-json\/wp\/v2\/media\/4987"}],"wp:attachment":[{"href":"https:\/\/www.tpocg.org\/blog\/wp-json\/wp\/v2\/media?parent=4986"}],"wp:term":[{"taxonomy":"category","embeddable":true,"href":"https:\/\/www.tpocg.org\/blog\/wp-json\/wp\/v2\/categories?post=4986"},{"taxonomy":"post_tag","embeddable":true,"href":"https:\/\/www.tpocg.org\/blog\/wp-json\/wp\/v2\/tags?post=4986"}],"curies":[{"name":"wp","href":"https:\/\/api.w.org\/{rel}","templated":true}]}}