{"id":4801,"date":"2023-09-30T21:06:49","date_gmt":"2023-09-30T18:06:49","guid":{"rendered":"https:\/\/www.tpocg.org\/blog\/?p=4801"},"modified":"2023-10-11T18:26:01","modified_gmt":"2023-10-11T15:26:01","slug":"modern-zamanda-gec-kalmislik","status":"publish","type":"post","link":"http:\/\/www.tpocg.org\/blog\/modern-zamanda-gec-kalmislik","title":{"rendered":"Modern Zamanda Ge\u00e7 Kalm\u0131\u015fl\u0131k"},"content":{"rendered":"<p><i><span style=\"font-weight: 400;\">(Bu yaz\u0131n\u0131n okunmas\u0131 yakla\u015f\u0131k olarak 4 dakika s\u00fcrmektedir.)<\/span><\/i><\/p>\n<p><span style=\"font-weight: 400;\">Duvardaki saate bakt\u0131. G\u00fcn\u00fcn herhangi bir vaktinde mola vermeksizin her saniye ayn\u0131 i\u015fi yapmaya devam eden duvardaki saate. Ta ki i\u00e7indeki bir \u00e7ift pil art\u0131k ona g\u00fc\u00e7 vermeyi kesene kadar \u00e7al\u0131\u015facak olan o saate. <\/span><i><span style=\"font-weight: 400;\">\u201cYetmez mi?\u201d <\/span><\/i><span style=\"font-weight: 400;\">demeyip her saniyeyi zaman\u0131nda a\u015fan, ard\u0131ndan dakikay\u0131 sayan ve sonunda bir saati tamamlayan, tamamlad\u0131\u011f\u0131 yetmezmi\u015f gibi bir de bunu devridaim ettiren o saate. Ne saatmi\u015f be! \u0130\u00e7indeki bir \u00e7ift pil ne kadar da direngenmi\u015f. Bir \u00e7ift pil nelere kadirmi\u015f. Bu d\u00fc\u015f\u00fcncelerle duvardaki azimli zaman say\u0131c\u0131ya hayretle bakt\u0131ktan sonra bir de kendine bakt\u0131 oturdu\u011fu yar\u0131s\u0131 k\u0131r\u0131k tahta sandalyenin \u00fcst\u00fcndeyken. Kendi pilleri neredeydi? Bir de d\u00f6n\u00fcp sandalyesine bakt\u0131. Peki ya sandalyesinin neyi vard\u0131? O da y\u0131pranm\u0131\u015ft\u0131 t\u0131pk\u0131 \u00fcst\u00fcnde oturmakta olan gen\u00e7 gibi. Kendisini ta\u015f\u0131yacak en az\u0131ndan bir sandalyesi vard\u0131. Yoruldu\u011funda a\u011f\u0131rl\u0131\u011f\u0131 hi\u00e7 d\u00fc\u015f\u00fcnmeden \u00fcst\u00fcne verece\u011fi ve dinlenebilece\u011fi bir dayana\u011f\u0131\u2026 Zira o bo\u015f odada sandalyesi d\u0131\u015f\u0131nda yaslanaca\u011f\u0131 bir ba\u015fka e\u015fyas\u0131 da yoktu. Duvarlar bile g\u00f6z\u00fckm\u00fcyordu art\u0131k. Bir dakika bir dakika\u2026 Duvarlar da nereye gitti? Ama bir saat sesi kulaklar\u0131n\u0131 \u00e7\u0131nlat\u0131rcas\u0131na \u00f6t\u00fcyordu. Bu duvar saati de olamazd\u0131, zaten duvardaki saatten o ses de \u00e7\u0131kmazd\u0131 ki. E duvar da kaybolmu\u015ftu demeye kalmadan. Yan\u0131 ba\u015f\u0131ndaki \u00e7alar saatinin sesiyle beraber g\u00f6zlerini a\u00e7t\u0131\u011f\u0131nda r\u00fcyada oldu\u011funun fark\u0131na vard\u0131.<\/span><\/p>\n<p><span style=\"font-weight: 400;\">Hayata ge\u00e7 kalm\u0131\u015fl\u0131k hissi o kadar i\u00e7ine i\u015flemi\u015f olacak ki r\u00fcyalar\u0131n\u0131 bile \u015fekillendirmeye ba\u015flam\u0131\u015ft\u0131. \u0130nsan\u0131 bu denli hayata ge\u00e7 kalm\u0131\u015f hissettiren ne olabilirdi diye d\u00fc\u015f\u00fcnmeden de edemiyorum. Ya siz?<\/span><span style=\"font-weight: 400;\"> G\u00f6zlerinden uykusunu alamad\u0131\u011f\u0131 belli olan gen\u00e7 zorlukla uyanmaya \u00e7al\u0131\u015f\u0131yordu. D\u00fczensiz bir hayat\u0131n tezah\u00fcr\u00fc olan g\u00f6zlerindeki \u015fi\u015flik, y\u00fcz\u00fcndeki anlams\u0131z bak\u0131\u015f ve yorgun y\u00fcz hatlar\u0131; i\u00e7inde bulundu\u011fu durumu a\u00e7\u0131klamaya yetiyordu. Uyanmaya \u00e7al\u0131\u015f\u0131rken odas\u0131n\u0131n penceresinden i\u00e7eri s\u00fcz\u00fclen \u0131\u015f\u0131k h\u00fczmesi, karanl\u0131k odas\u0131na umut ta\u015f\u0131yarak girmekteydi \u00e2deta. Ayd\u0131nlanan g\u00fcn sadece onun i\u00e7in de\u011fil, odas\u0131na uzanan g\u00f6lgesi ve \u00fcst\u00fcndeki misafirleri olan ya\u015fl\u0131 ama ma\u011frur duru\u015flu a\u011fa\u00e7 i\u00e7indi de. Ama ne fayda.\u00a0<\/span><\/p>\n<p><span style=\"font-weight: 400;\">Hayata ge\u00e7 kalm\u0131\u015f hisseden birinin duygu ve d\u00fc\u015f\u00fcncelerini bilir misiniz? Parlak bir g\u00fcn do\u011fumu ve ku\u015f c\u0131v\u0131lt\u0131lar\u0131 t\u00fcm ruh halini de\u011fi\u015ftirmeye yeter mi sizce? Yetmez de\u011fil mi? Yetmez tabii ki. Her \u015fey o motivasyon s\u00f6zlerindeki kadar toz pembe de\u011fil elbette. Hayat birden de\u011fi\u015fmiyor. \u0130nsan da birdenbire de\u011fi\u015f(e)miyor. \u0130nsan neden ge\u00e7 kalm\u0131\u015f hisseder?<\/span> <span style=\"font-weight: 400;\">Ya\u015famak i\u00e7in \u00f6n\u00fcnde ne kadar s\u00fcresi oldu\u011funu bilmese bile h\u00e2l\u00e2 ya\u015famakta oldu\u011fu da bir ger\u00e7ektir. \u00d6lmeden mezara girmi\u015f gibi davranmak da neyin nesidir? Bu bir oyun mudur ki sonrakinde daha iyisini yapaca\u011f\u0131m edas\u0131yla bir sonraki hakk\u0131n\u0131n gelmesi beklemeye koyulur gibi davran\u0131r? Belki de bu ruh h\u00e2li kahraman\u0131m\u0131zda \u015funun fark\u0131na varmas\u0131na vesile oldu: Ya\u015famak ile hayatta kalmak aras\u0131ndaki fark. Bu bir se\u00e7enek de olabilirdi bir mecburiyet de&#8230;\u00a0<\/span><\/p>\n<p><span style=\"font-weight: 400;\">Art\u0131k kendine gelmi\u015f ve yata\u011f\u0131nda uzanarak tavana bak\u0131yordu. Bir de etraf\u0131n\u0131 \u00e7evreleyen d\u00f6rt duvara. Bu sefer ger\u00e7ek bir tavan ve etraf\u0131nda d\u00f6rt de duvar vard\u0131. Emindi bundan zira son aylarda en \u00e7ok bakt\u0131\u011f\u0131 \u015feyler de onlard\u0131. Yata\u011f\u0131nda t\u0131pk\u0131 Oblomov edas\u0131nda uzanm\u0131\u015f, d\u00fc\u015f\u00fcncelere dalm\u0131\u015f duruyordu. Belki de kendine k\u0131z\u0131yordu. Mutlu olmak umuduyla \u015fartland\u0131\u011f\u0131 bir\u00e7ok hedefe ula\u015famamak onu yaralam\u0131\u015ft\u0131. Yeni bir hedefe haz\u0131rlanacak g\u00fcc\u00fc de yoktu. Hayat\u0131 ula\u015f\u0131lacak hedefler ve kazan\u0131lacak zaferlere indirgemekten ba\u015fka da bir \u00e7aresi yokmu\u015f gibi davran\u0131yordu. Belki de kaybetmeye devam etmeyi g\u00f6ze alamamak yeni bir g\u00fcne ba\u015flamay\u0131 bile ona zehrediyordu. Hep sonu\u00e7 odakl\u0131 olmu\u015ftu ki buna ge\u00e7 kalm\u0131\u015fl\u0131k hissi de dahil edilebilirdi. Sonu\u00e7 odakl\u0131 olmas\u0131n da ne yaps\u0131n do\u011frusu? Hayat ya\u015fan\u0131lmas\u0131 ve deneyimlenmesi gereken olumlu veyahut olumsuz s\u00fcre\u00e7lerden olu\u015fsa da sonu\u00e7lar da bir ger\u00e7ekli\u011fi temsil ediyordu. Bir b\u00fct\u00fcnd\u00fc asl\u0131nda. Kahraman\u0131m\u0131z\u0131n yan\u0131lg\u0131s\u0131 da s\u00fcre\u00e7lerden ba\u011f\u0131ms\u0131z sonu\u00e7lara odaklanmas\u0131yd\u0131. \u0130nsan\u0131n belli y\u0131llarda belli konular\u0131 halletmesinin beklenildi\u011fi bir toplumda ya\u015faman\u0131n getirdi\u011fi al\u0131\u015fkanl\u0131\u011f\u0131n sonucuydu. Okula bu ya\u015fta gidilir, meslek sahibi olmak i\u00e7in yirmilerin ortas\u0131 bile ge\u00e7 kalm\u0131\u015fl\u0131k olarak g\u00f6r\u00fcl\u00fcr\u2026 \u0130\u015fin can al\u0131c\u0131 noktas\u0131 da yirmilerin ba\u015f\u0131nda yeni \u00fcniversite kazanmas\u0131yd\u0131. Toplumsal kabuller onu etkilemi\u015fti su g\u00f6t\u00fcrmez bir \u015fekilde. Hep bir sonraki a\u015fama d\u00fc\u015f\u00fcn\u00fclmeli ve di\u011fer insanlar\u0131n fikirleri \u00f6l\u00e7\u00fclmeli ona g\u00f6re savunma mekanizmas\u0131n\u0131 kurmal\u0131yd\u0131. Bu d\u00fc\u015f\u00fcnceler de nerden t\u00fcr\u00fcyordu yahu? Durdurmak da zor. \u0130plik s\u00f6k\u00fc\u011f\u00fc gibi \u00e7ektik\u00e7e geliyordu. \u0130nsan b\u00f6yle bir toplumda Oblomov\u2019a d\u00f6n\u00fc\u015fmeyip de ne yaps\u0131n?. Bir Oblomov kadar da varl\u0131kl\u0131 de\u011fildi i\u015fin a\u00e7\u0131\u011f\u0131. Bu kadar \u201caylakl\u0131k\u201d etmek de bir l\u00fckst\u00fc onun i\u00e7in. Ah bir kalksa yata\u011f\u0131ndan, yata\u011f\u0131na zincirlenmi\u015f gibi sonunu alamad\u0131\u011f\u0131 d\u00fc\u015f\u00fcncelerine bir ara verse, s\u00fcre\u00e7 onun i\u00e7in daha sa\u011fl\u0131kl\u0131 ilerleyecekti. En az\u0131ndan \u00f6yle d\u00fc\u015f\u00fcn\u00fcyordu ki bu s\u0131k s\u0131k d\u00fc\u015ft\u00fc\u011f\u00fc d\u00f6ng\u00fclerden biriydi. Ne kadar da bulundu\u011fumuz y\u00fczy\u0131la \u00f6zg\u00fc bir durum.<\/span><\/p>\n<p><span style=\"font-weight: 400;\">Olumsuz d\u00fc\u015f\u00fcnceler veya hayat g\u00f6r\u00fc\u015flerinden kurtulmak i\u00e7in takdir edersiniz ki ba\u015flamak yetmez. \u0130\u015fte burada kar\u015f\u0131m\u0131za bir yol ayr\u0131m\u0131 \u00e7\u0131k\u0131yor. Peki, size sormak istiyorum. Hayat\u0131m\u0131za yeni hayata ge\u00e7 kalm\u0131\u015f hisseden 21. yy Oblomovlar\u2019\u0131 olarak m\u0131 devam edece\u011fiz? Yoksa\u2026 Bu c\u00fcmlenin bir devam\u0131 yok asl\u0131nda. En az\u0131ndan benim sizler i\u00e7in yazabilece\u011fim bir k\u0131sm\u0131 yok. Devam\u0131n\u0131 yaln\u0131zca siz bilebilir ve siz yazabilirsiniz. Sizin alternatif sonunuz sizin hayat\u0131n\u0131z. Kendi alternatif sonunuzu hayat ge\u00e7irme g\u00fcc\u00fc sizin elinizde.\u00a0<\/span><\/p>\n<p><span style=\"font-weight: 400;\">Peki siz bu g\u00fcc\u00fc nas\u0131l de\u011ferlendireceksiniz?<\/span><\/p>\n<p>&nbsp;<\/p>\n<p><span style=\"font-weight: 400;\">Yazar: Mehmet Emirhan \u00d6Z<\/span><\/p>\n<p><span style=\"font-weight: 400;\">G\u00f6rsel Kaynak:\u00a0 https:\/\/unsplash.com\/photos\/2cZYUA1AwnQ<\/span><\/p>\n","protected":false},"excerpt":{"rendered":"<p>Hayata ge\u00e7 kalm\u0131\u015fl\u0131k hissi o kadar i\u00e7ine i\u015flemi\u015f olacak ki r\u00fcyalar\u0131n\u0131 bile \u015fekillendirmeye ba\u015flam\u0131\u015ft\u0131. \u0130nsan\u0131 bu denli hayata ge\u00e7 kalm\u0131\u015f hissettiren ne olabilirdi diye d\u00fc\u015f\u00fcnmeden de edemiyorum. Ya siz?<\/p>\n","protected":false},"author":88,"featured_media":4802,"comment_status":"open","ping_status":"open","sticky":false,"template":"","format":"standard","meta":{"footnotes":""},"categories":[2,4,1],"tags":[],"yoast_head":"<!-- This site is optimized with the Yoast SEO plugin v21.0 - https:\/\/yoast.com\/wordpress\/plugins\/seo\/ -->\n<title>Modern Zamanda Ge\u00e7 Kalm\u0131\u015fl\u0131k | Ak\u0131l Defterim<\/title>\n<meta name=\"description\" content=\"Psikoloji \u00f6\u011frencilerinin kaleminden yaz\u0131lar.\" \/>\n<meta name=\"robots\" content=\"index, follow, max-snippet:-1, max-image-preview:large, max-video-preview:-1\" \/>\n<link rel=\"canonical\" href=\"http:\/\/www.tpocg.org\/blog\/modern-zamanda-gec-kalmislik\" \/>\n<meta property=\"og:locale\" content=\"tr_TR\" \/>\n<meta property=\"og:type\" content=\"article\" \/>\n<meta property=\"og:title\" content=\"Modern Zamanda Ge\u00e7 Kalm\u0131\u015fl\u0131k | Ak\u0131l Defterim\" \/>\n<meta property=\"og:description\" content=\"Psikoloji \u00f6\u011frencilerinin kaleminden yaz\u0131lar.\" \/>\n<meta property=\"og:url\" content=\"http:\/\/www.tpocg.org\/blog\/modern-zamanda-gec-kalmislik\" \/>\n<meta property=\"og:site_name\" content=\"Ak\u0131l Defterim\" \/>\n<meta property=\"article:publisher\" content=\"https:\/\/www.facebook.com\/tpocg\" \/>\n<meta property=\"article:published_time\" content=\"2023-09-30T18:06:49+00:00\" \/>\n<meta property=\"article:modified_time\" content=\"2023-10-11T15:26:01+00:00\" \/>\n<meta property=\"og:image\" content=\"http:\/\/www.tpocg.org\/blog\/wp-content\/uploads\/2023\/09\/Modern-Zamanda-Gec-Kalmislik-gorsel-scaled.jpg\" \/>\n\t<meta property=\"og:image:width\" content=\"1702\" \/>\n\t<meta property=\"og:image:height\" content=\"2560\" \/>\n\t<meta property=\"og:image:type\" content=\"image\/jpeg\" \/>\n<meta name=\"author\" content=\"Mehmet Emirhan \u00d6z\" \/>\n<meta name=\"twitter:card\" content=\"summary_large_image\" \/>\n<meta name=\"twitter:creator\" content=\"@tpocg\" \/>\n<meta name=\"twitter:site\" content=\"@tpocg\" \/>\n<meta name=\"twitter:label1\" content=\"Yazan:\" \/>\n\t<meta name=\"twitter:data1\" content=\"Mehmet Emirhan \u00d6z\" \/>\n\t<meta name=\"twitter:label2\" content=\"Tahmini okuma s\u00fcresi\" \/>\n\t<meta name=\"twitter:data2\" content=\"5 dakika\" \/>\n<script type=\"application\/ld+json\" class=\"yoast-schema-graph\">{\"@context\":\"https:\/\/schema.org\",\"@graph\":[{\"@type\":\"Article\",\"@id\":\"http:\/\/www.tpocg.org\/blog\/modern-zamanda-gec-kalmislik#article\",\"isPartOf\":{\"@id\":\"http:\/\/www.tpocg.org\/blog\/modern-zamanda-gec-kalmislik\"},\"author\":{\"name\":\"Mehmet Emirhan \u00d6z\",\"@id\":\"http:\/\/www.tpocg.org\/blog\/#\/schema\/person\/0e6a8cb9093d66f27f92c4e785e02150\"},\"headline\":\"Modern Zamanda Ge\u00e7 Kalm\u0131\u015fl\u0131k\",\"datePublished\":\"2023-09-30T18:06:49+00:00\",\"dateModified\":\"2023-10-11T15:26:01+00:00\",\"mainEntityOfPage\":{\"@id\":\"http:\/\/www.tpocg.org\/blog\/modern-zamanda-gec-kalmislik\"},\"wordCount\":1072,\"commentCount\":0,\"publisher\":{\"@id\":\"http:\/\/www.tpocg.org\/blog\/#organization\"},\"articleSection\":[\"Blog\",\"Denemeler\"],\"inLanguage\":\"tr\",\"potentialAction\":[{\"@type\":\"CommentAction\",\"name\":\"Comment\",\"target\":[\"http:\/\/www.tpocg.org\/blog\/modern-zamanda-gec-kalmislik#respond\"]}]},{\"@type\":\"WebPage\",\"@id\":\"http:\/\/www.tpocg.org\/blog\/modern-zamanda-gec-kalmislik\",\"url\":\"http:\/\/www.tpocg.org\/blog\/modern-zamanda-gec-kalmislik\",\"name\":\"Modern Zamanda Ge\u00e7 Kalm\u0131\u015fl\u0131k | Ak\u0131l Defterim\",\"isPartOf\":{\"@id\":\"http:\/\/www.tpocg.org\/blog\/#website\"},\"datePublished\":\"2023-09-30T18:06:49+00:00\",\"dateModified\":\"2023-10-11T15:26:01+00:00\",\"description\":\"Psikoloji \u00f6\u011frencilerinin kaleminden yaz\u0131lar.\",\"breadcrumb\":{\"@id\":\"http:\/\/www.tpocg.org\/blog\/modern-zamanda-gec-kalmislik#breadcrumb\"},\"inLanguage\":\"tr\",\"potentialAction\":[{\"@type\":\"ReadAction\",\"target\":[\"http:\/\/www.tpocg.org\/blog\/modern-zamanda-gec-kalmislik\"]}]},{\"@type\":\"BreadcrumbList\",\"@id\":\"http:\/\/www.tpocg.org\/blog\/modern-zamanda-gec-kalmislik#breadcrumb\",\"itemListElement\":[{\"@type\":\"ListItem\",\"position\":1,\"name\":\"Ana sayfa\",\"item\":\"http:\/\/www.tpocg.org\/blog\"},{\"@type\":\"ListItem\",\"position\":2,\"name\":\"Modern Zamanda Ge\u00e7 Kalm\u0131\u015fl\u0131k\"}]},{\"@type\":\"WebSite\",\"@id\":\"http:\/\/www.tpocg.org\/blog\/#website\",\"url\":\"http:\/\/www.tpocg.org\/blog\/\",\"name\":\"Ak\u0131l Defterim\",\"description\":\"Psikoloji \u00d6\u011frencilerinden Yaz\u0131lar\",\"publisher\":{\"@id\":\"http:\/\/www.tpocg.org\/blog\/#organization\"},\"potentialAction\":[{\"@type\":\"SearchAction\",\"target\":{\"@type\":\"EntryPoint\",\"urlTemplate\":\"http:\/\/www.tpocg.org\/blog\/?s={search_term_string}\"},\"query-input\":\"required name=search_term_string\"}],\"inLanguage\":\"tr\"},{\"@type\":\"Organization\",\"@id\":\"http:\/\/www.tpocg.org\/blog\/#organization\",\"name\":\"TP\u00d6\u00c7G\",\"url\":\"http:\/\/www.tpocg.org\/blog\/\",\"logo\":{\"@type\":\"ImageObject\",\"inLanguage\":\"tr\",\"@id\":\"http:\/\/www.tpocg.org\/blog\/#\/schema\/logo\/image\/\",\"url\":\"http:\/\/www.tpocg.org\/blog\/wp-content\/uploads\/2016\/03\/fav.jpg\",\"contentUrl\":\"http:\/\/www.tpocg.org\/blog\/wp-content\/uploads\/2016\/03\/fav.jpg\",\"width\":72,\"height\":72,\"caption\":\"TP\u00d6\u00c7G\"},\"image\":{\"@id\":\"http:\/\/www.tpocg.org\/blog\/#\/schema\/logo\/image\/\"},\"sameAs\":[\"https:\/\/www.facebook.com\/tpocg\",\"https:\/\/twitter.com\/tpocg\",\"https:\/\/www.instagram.com\/tpocg\",\"https:\/\/www.youtube.com\/user\/TPOCG\"]},{\"@type\":\"Person\",\"@id\":\"http:\/\/www.tpocg.org\/blog\/#\/schema\/person\/0e6a8cb9093d66f27f92c4e785e02150\",\"name\":\"Mehmet Emirhan \u00d6z\",\"image\":{\"@type\":\"ImageObject\",\"inLanguage\":\"tr\",\"@id\":\"http:\/\/www.tpocg.org\/blog\/#\/schema\/person\/image\/\",\"url\":\"http:\/\/2.gravatar.com\/avatar\/b107f40a3ed07c84712d49d6cf3c8278?s=96&d=mm&r=g\",\"contentUrl\":\"http:\/\/2.gravatar.com\/avatar\/b107f40a3ed07c84712d49d6cf3c8278?s=96&d=mm&r=g\",\"caption\":\"Mehmet Emirhan \u00d6z\"},\"url\":\"http:\/\/www.tpocg.org\/blog\/author\/mehmet-emirhan\"}]}<\/script>\n<!-- \/ Yoast SEO plugin. -->","yoast_head_json":{"title":"Modern Zamanda Ge\u00e7 Kalm\u0131\u015fl\u0131k | Ak\u0131l Defterim","description":"Psikoloji \u00f6\u011frencilerinin kaleminden yaz\u0131lar.","robots":{"index":"index","follow":"follow","max-snippet":"max-snippet:-1","max-image-preview":"max-image-preview:large","max-video-preview":"max-video-preview:-1"},"canonical":"http:\/\/www.tpocg.org\/blog\/modern-zamanda-gec-kalmislik","og_locale":"tr_TR","og_type":"article","og_title":"Modern Zamanda Ge\u00e7 Kalm\u0131\u015fl\u0131k | Ak\u0131l Defterim","og_description":"Psikoloji \u00f6\u011frencilerinin kaleminden yaz\u0131lar.","og_url":"http:\/\/www.tpocg.org\/blog\/modern-zamanda-gec-kalmislik","og_site_name":"Ak\u0131l Defterim","article_publisher":"https:\/\/www.facebook.com\/tpocg","article_published_time":"2023-09-30T18:06:49+00:00","article_modified_time":"2023-10-11T15:26:01+00:00","og_image":[{"width":1702,"height":2560,"url":"http:\/\/www.tpocg.org\/blog\/wp-content\/uploads\/2023\/09\/Modern-Zamanda-Gec-Kalmislik-gorsel-scaled.jpg","type":"image\/jpeg"}],"author":"Mehmet Emirhan \u00d6z","twitter_card":"summary_large_image","twitter_creator":"@tpocg","twitter_site":"@tpocg","twitter_misc":{"Yazan:":"Mehmet Emirhan \u00d6z","Tahmini okuma s\u00fcresi":"5 dakika"},"schema":{"@context":"https:\/\/schema.org","@graph":[{"@type":"Article","@id":"http:\/\/www.tpocg.org\/blog\/modern-zamanda-gec-kalmislik#article","isPartOf":{"@id":"http:\/\/www.tpocg.org\/blog\/modern-zamanda-gec-kalmislik"},"author":{"name":"Mehmet Emirhan \u00d6z","@id":"http:\/\/www.tpocg.org\/blog\/#\/schema\/person\/0e6a8cb9093d66f27f92c4e785e02150"},"headline":"Modern Zamanda Ge\u00e7 Kalm\u0131\u015fl\u0131k","datePublished":"2023-09-30T18:06:49+00:00","dateModified":"2023-10-11T15:26:01+00:00","mainEntityOfPage":{"@id":"http:\/\/www.tpocg.org\/blog\/modern-zamanda-gec-kalmislik"},"wordCount":1072,"commentCount":0,"publisher":{"@id":"http:\/\/www.tpocg.org\/blog\/#organization"},"articleSection":["Blog","Denemeler"],"inLanguage":"tr","potentialAction":[{"@type":"CommentAction","name":"Comment","target":["http:\/\/www.tpocg.org\/blog\/modern-zamanda-gec-kalmislik#respond"]}]},{"@type":"WebPage","@id":"http:\/\/www.tpocg.org\/blog\/modern-zamanda-gec-kalmislik","url":"http:\/\/www.tpocg.org\/blog\/modern-zamanda-gec-kalmislik","name":"Modern Zamanda Ge\u00e7 Kalm\u0131\u015fl\u0131k | Ak\u0131l Defterim","isPartOf":{"@id":"http:\/\/www.tpocg.org\/blog\/#website"},"datePublished":"2023-09-30T18:06:49+00:00","dateModified":"2023-10-11T15:26:01+00:00","description":"Psikoloji \u00f6\u011frencilerinin kaleminden yaz\u0131lar.","breadcrumb":{"@id":"http:\/\/www.tpocg.org\/blog\/modern-zamanda-gec-kalmislik#breadcrumb"},"inLanguage":"tr","potentialAction":[{"@type":"ReadAction","target":["http:\/\/www.tpocg.org\/blog\/modern-zamanda-gec-kalmislik"]}]},{"@type":"BreadcrumbList","@id":"http:\/\/www.tpocg.org\/blog\/modern-zamanda-gec-kalmislik#breadcrumb","itemListElement":[{"@type":"ListItem","position":1,"name":"Ana sayfa","item":"http:\/\/www.tpocg.org\/blog"},{"@type":"ListItem","position":2,"name":"Modern Zamanda Ge\u00e7 Kalm\u0131\u015fl\u0131k"}]},{"@type":"WebSite","@id":"http:\/\/www.tpocg.org\/blog\/#website","url":"http:\/\/www.tpocg.org\/blog\/","name":"Ak\u0131l Defterim","description":"Psikoloji \u00d6\u011frencilerinden Yaz\u0131lar","publisher":{"@id":"http:\/\/www.tpocg.org\/blog\/#organization"},"potentialAction":[{"@type":"SearchAction","target":{"@type":"EntryPoint","urlTemplate":"http:\/\/www.tpocg.org\/blog\/?s={search_term_string}"},"query-input":"required name=search_term_string"}],"inLanguage":"tr"},{"@type":"Organization","@id":"http:\/\/www.tpocg.org\/blog\/#organization","name":"TP\u00d6\u00c7G","url":"http:\/\/www.tpocg.org\/blog\/","logo":{"@type":"ImageObject","inLanguage":"tr","@id":"http:\/\/www.tpocg.org\/blog\/#\/schema\/logo\/image\/","url":"http:\/\/www.tpocg.org\/blog\/wp-content\/uploads\/2016\/03\/fav.jpg","contentUrl":"http:\/\/www.tpocg.org\/blog\/wp-content\/uploads\/2016\/03\/fav.jpg","width":72,"height":72,"caption":"TP\u00d6\u00c7G"},"image":{"@id":"http:\/\/www.tpocg.org\/blog\/#\/schema\/logo\/image\/"},"sameAs":["https:\/\/www.facebook.com\/tpocg","https:\/\/twitter.com\/tpocg","https:\/\/www.instagram.com\/tpocg","https:\/\/www.youtube.com\/user\/TPOCG"]},{"@type":"Person","@id":"http:\/\/www.tpocg.org\/blog\/#\/schema\/person\/0e6a8cb9093d66f27f92c4e785e02150","name":"Mehmet Emirhan \u00d6z","image":{"@type":"ImageObject","inLanguage":"tr","@id":"http:\/\/www.tpocg.org\/blog\/#\/schema\/person\/image\/","url":"http:\/\/2.gravatar.com\/avatar\/b107f40a3ed07c84712d49d6cf3c8278?s=96&d=mm&r=g","contentUrl":"http:\/\/2.gravatar.com\/avatar\/b107f40a3ed07c84712d49d6cf3c8278?s=96&d=mm&r=g","caption":"Mehmet Emirhan \u00d6z"},"url":"http:\/\/www.tpocg.org\/blog\/author\/mehmet-emirhan"}]}},"_links":{"self":[{"href":"http:\/\/www.tpocg.org\/blog\/wp-json\/wp\/v2\/posts\/4801"}],"collection":[{"href":"http:\/\/www.tpocg.org\/blog\/wp-json\/wp\/v2\/posts"}],"about":[{"href":"http:\/\/www.tpocg.org\/blog\/wp-json\/wp\/v2\/types\/post"}],"author":[{"embeddable":true,"href":"http:\/\/www.tpocg.org\/blog\/wp-json\/wp\/v2\/users\/88"}],"replies":[{"embeddable":true,"href":"http:\/\/www.tpocg.org\/blog\/wp-json\/wp\/v2\/comments?post=4801"}],"version-history":[{"count":1,"href":"http:\/\/www.tpocg.org\/blog\/wp-json\/wp\/v2\/posts\/4801\/revisions"}],"predecessor-version":[{"id":4803,"href":"http:\/\/www.tpocg.org\/blog\/wp-json\/wp\/v2\/posts\/4801\/revisions\/4803"}],"wp:featuredmedia":[{"embeddable":true,"href":"http:\/\/www.tpocg.org\/blog\/wp-json\/wp\/v2\/media\/4802"}],"wp:attachment":[{"href":"http:\/\/www.tpocg.org\/blog\/wp-json\/wp\/v2\/media?parent=4801"}],"wp:term":[{"taxonomy":"category","embeddable":true,"href":"http:\/\/www.tpocg.org\/blog\/wp-json\/wp\/v2\/categories?post=4801"},{"taxonomy":"post_tag","embeddable":true,"href":"http:\/\/www.tpocg.org\/blog\/wp-json\/wp\/v2\/tags?post=4801"}],"curies":[{"name":"wp","href":"https:\/\/api.w.org\/{rel}","templated":true}]}}