{"id":4798,"date":"2023-09-28T19:00:15","date_gmt":"2023-09-28T16:00:15","guid":{"rendered":"https:\/\/www.tpocg.org\/blog\/?p=4798"},"modified":"2023-09-28T12:31:42","modified_gmt":"2023-09-28T09:31:42","slug":"arayisin-kollarinda-dans","status":"publish","type":"post","link":"http:\/\/www.tpocg.org\/blog\/arayisin-kollarinda-dans","title":{"rendered":"Aray\u0131\u015f\u0131n Kollar\u0131nda Dans"},"content":{"rendered":"<p><i><span style=\"font-weight: 400;\">(Bu yaz\u0131n\u0131n okunmas\u0131 yakla\u015f\u0131k olarak 2 dakika s\u00fcrmektedir.)<\/span><\/i><\/p>\n<p><span style=\"font-weight: 400;\">Son notalar \u00e7al\u0131nd\u0131\u011f\u0131nda, m\u00fczikle sonsuz ahenk i\u00e7indeki zarif bedeni dans\u0131n\u0131 bitirmeye haz\u0131rlan\u0131yordu. Hayran bak\u0131\u015flar\u0131n g\u00f6lgesinde, al\u0131\u015f\u0131lm\u0131\u015f fakat anla\u015f\u0131lmam\u0131\u015f bir ger\u00e7e\u011fin kollar\u0131nda s\u00fcz\u00fcl\u00fcyordu bu gece. Kusursuz ad\u0131mlar\u0131na u\u00e7u\u015fan etekleri e\u015flik ediyor, y\u00fcz\u00fc ezberledi\u011fi g\u00fcl\u00fcmsemesinin alt\u0131nda \u0131\u015f\u0131ld\u0131yordu. Sonsuzlu\u011fu kavramak istermi\u015f gibi yukar\u0131ya uzanan ellerini her defas\u0131nda ayn\u0131 ger\u00e7e\u011fin so\u011fuk avu\u00e7lar\u0131 kar\u015f\u0131l\u0131yordu. \u00dc\u015f\u00fcyen ellerini yanan g\u00f6\u011fs\u00fcne bast\u0131rd\u0131\u011f\u0131nda bir k\u0131vran\u0131\u015ft\u0131 bedenindeki, ad\u0131na dans deniliyordu. Huzurlu g\u00f6r\u00fcnt\u00fcs\u00fcn\u00fcn alt\u0131nda cevaplayamad\u0131\u011f\u0131 binlerce soru saklan\u0131yordu. <\/span><span style=\"font-weight: 400;\">Vazge\u00e7mek ve direnmek aras\u0131nda uzanan bir yolda, belirsizli\u011fin kollar\u0131ndayd\u0131 \u015fimdi. Durmad\u0131. Dans etmeye devam etti. Arad\u0131\u011f\u0131 b\u00fct\u00fcn cevaplar, i\u00e7inde s\u00fcz\u00fcld\u00fc\u011f\u00fc bu \u00e2ndayd\u0131.<\/span><\/p>\n<p><span style=\"font-weight: 400;\">\u00a0\u00a0\u00a0\u00a0\u00a0\u00a0\u00a0\u00a0\u00a0\u00a0\u00a0B\u00fct\u00fcn bu aray\u0131\u015f; dans\u0131n\u0131n g\u00f6lgesinde \u00e7i\u00e7ek a\u00e7acakt\u0131. B\u00fcy\u00fcy\u00fcp k\u00f6klerini salacakt\u0131 her yan\u0131na. G\u00f6lgesinde kay\u0131plar\u0131n\u0131n tesellisini bulacakt\u0131. \u0130nanc\u0131n\u0131n g\u00f6lgesinde umudunun kollar\u0131ndayd\u0131 art\u0131k. Narin dokunu\u015flar gezindi yaralar\u0131nda. Ge\u00e7ece\u011fini f\u0131s\u0131ldad\u0131 usulca. Duydu\u011fu s\u00f6zlerde dinlendirdi bedenini. Islak kirpiklerinin ard\u0131na saklad\u0131\u011f\u0131 g\u00f6zleri, duydu\u011fu alk\u0131\u015flar e\u015fli\u011finde araland\u0131. Dans bitmi\u015fti.\u00a0<\/span><\/p>\n<p><span style=\"font-weight: 400;\">\u00a0\u00a0\u00a0\u00a0\u00a0\u00a0\u00a0\u00a0\u00a0\u00a0\u00a0Kalabal\u0131\u011f\u0131n \u00f6n\u00fcnde bedeni sayg\u0131yla e\u011fildi. Perde kapand\u0131. G\u00f6steri bitmi\u015fti. As\u0131l g\u00f6sterinin bu perdenin ard\u0131nda kald\u0131\u011f\u0131n\u0131 ise kimse bilmeyecekti. I\u015f\u0131klarla s\u00fcslenmi\u015f sahneyi karanl\u0131kta yaln\u0131z kendisi g\u00f6recek; bo\u015flukta savrulman\u0131n, ait olmad\u0131\u011f\u0131 yerde \u00e7\u0131rp\u0131nman\u0131n nas\u0131l hissettirdi\u011fini yaln\u0131z o bilecekti. K\u0131r\u0131klar\u0131ndan tutturdu\u011fu kalbinden ge\u00e7enleri kimse duymayacakt\u0131. Yaln\u0131zca g\u00f6sterdi\u011fi kadar\u0131n\u0131 g\u00f6recekler, anlamak istedikleri kadar\u0131n\u0131 anlayacaklard\u0131. Kimseyi su\u00e7lam\u0131yordu. Dans\u0131n de\u011fi\u015fmez kural\u0131 buydu. Ger\u00e7ek dans her zaman perdenin arkas\u0131nda olurdu.\u00a0<\/span><\/p>\n<p><span style=\"font-weight: 400;\">Yazar: Seher Avc\u0131\u00a0<\/span><\/p>\n<p><span style=\"font-weight: 400;\">G\u00f6rsel Kaynak: https:\/\/tr.pinterest.com\/pin\/735775657884257586\/<\/span><\/p>\n","protected":false},"excerpt":{"rendered":"<p>Vazge\u00e7mek ve direnmek aras\u0131nda uzanan bir yolda, belirsizli\u011fin kollar\u0131ndayd\u0131 \u015fimdi. Durmad\u0131. Dans etmeye devam etti. Arad\u0131\u011f\u0131 b\u00fct\u00fcn cevaplar, i\u00e7inde s\u00fcz\u00fcld\u00fc\u011f\u00fc bu \u00e2ndayd\u0131.<\/p>\n","protected":false},"author":87,"featured_media":4799,"comment_status":"open","ping_status":"open","sticky":false,"template":"","format":"standard","meta":{"footnotes":""},"categories":[2,4,1],"tags":[],"yoast_head":"<!-- This site is optimized with the Yoast SEO plugin v21.0 - https:\/\/yoast.com\/wordpress\/plugins\/seo\/ -->\n<title>Aray\u0131\u015f\u0131n Kollar\u0131nda Dans | Ak\u0131l Defterim<\/title>\n<meta name=\"description\" content=\"Psikoloji \u00f6\u011frencilerinin kaleminden yaz\u0131lar.\" \/>\n<meta name=\"robots\" content=\"index, follow, max-snippet:-1, max-image-preview:large, max-video-preview:-1\" \/>\n<link rel=\"canonical\" href=\"http:\/\/www.tpocg.org\/blog\/arayisin-kollarinda-dans\" \/>\n<meta property=\"og:locale\" content=\"tr_TR\" \/>\n<meta property=\"og:type\" content=\"article\" \/>\n<meta property=\"og:title\" content=\"Aray\u0131\u015f\u0131n Kollar\u0131nda Dans | Ak\u0131l Defterim\" \/>\n<meta property=\"og:description\" content=\"Psikoloji \u00f6\u011frencilerinin kaleminden yaz\u0131lar.\" \/>\n<meta property=\"og:url\" content=\"http:\/\/www.tpocg.org\/blog\/arayisin-kollarinda-dans\" \/>\n<meta property=\"og:site_name\" content=\"Ak\u0131l Defterim\" \/>\n<meta property=\"article:publisher\" content=\"https:\/\/www.facebook.com\/tpocg\" \/>\n<meta property=\"article:published_time\" content=\"2023-09-28T16:00:15+00:00\" \/>\n<meta property=\"article:modified_time\" content=\"2023-09-28T09:31:42+00:00\" \/>\n<meta property=\"og:image\" content=\"http:\/\/www.tpocg.org\/blog\/wp-content\/uploads\/2023\/09\/Arayisin-Kollarinda-Dans-gorsel.jpg\" \/>\n\t<meta property=\"og:image:width\" content=\"736\" \/>\n\t<meta property=\"og:image:height\" content=\"879\" \/>\n\t<meta property=\"og:image:type\" content=\"image\/jpeg\" \/>\n<meta name=\"author\" content=\"Seher Avc\u0131\" \/>\n<meta name=\"twitter:card\" content=\"summary_large_image\" \/>\n<meta name=\"twitter:creator\" content=\"@tpocg\" \/>\n<meta name=\"twitter:site\" content=\"@tpocg\" \/>\n<meta name=\"twitter:label1\" content=\"Yazan:\" \/>\n\t<meta name=\"twitter:data1\" content=\"Seher Avc\u0131\" \/>\n\t<meta name=\"twitter:label2\" content=\"Tahmini okuma s\u00fcresi\" \/>\n\t<meta name=\"twitter:data2\" content=\"2 dakika\" \/>\n<script type=\"application\/ld+json\" class=\"yoast-schema-graph\">{\"@context\":\"https:\/\/schema.org\",\"@graph\":[{\"@type\":\"Article\",\"@id\":\"http:\/\/www.tpocg.org\/blog\/arayisin-kollarinda-dans#article\",\"isPartOf\":{\"@id\":\"http:\/\/www.tpocg.org\/blog\/arayisin-kollarinda-dans\"},\"author\":{\"name\":\"Seher Avc\u0131\",\"@id\":\"http:\/\/www.tpocg.org\/blog\/#\/schema\/person\/c04a0f37510eab9596fea3d3b95f72a9\"},\"headline\":\"Aray\u0131\u015f\u0131n Kollar\u0131nda Dans\",\"datePublished\":\"2023-09-28T16:00:15+00:00\",\"dateModified\":\"2023-09-28T09:31:42+00:00\",\"mainEntityOfPage\":{\"@id\":\"http:\/\/www.tpocg.org\/blog\/arayisin-kollarinda-dans\"},\"wordCount\":359,\"commentCount\":0,\"publisher\":{\"@id\":\"http:\/\/www.tpocg.org\/blog\/#organization\"},\"articleSection\":[\"Blog\",\"Denemeler\"],\"inLanguage\":\"tr\",\"potentialAction\":[{\"@type\":\"CommentAction\",\"name\":\"Comment\",\"target\":[\"http:\/\/www.tpocg.org\/blog\/arayisin-kollarinda-dans#respond\"]}]},{\"@type\":\"WebPage\",\"@id\":\"http:\/\/www.tpocg.org\/blog\/arayisin-kollarinda-dans\",\"url\":\"http:\/\/www.tpocg.org\/blog\/arayisin-kollarinda-dans\",\"name\":\"Aray\u0131\u015f\u0131n Kollar\u0131nda Dans | Ak\u0131l Defterim\",\"isPartOf\":{\"@id\":\"http:\/\/www.tpocg.org\/blog\/#website\"},\"datePublished\":\"2023-09-28T16:00:15+00:00\",\"dateModified\":\"2023-09-28T09:31:42+00:00\",\"description\":\"Psikoloji \u00f6\u011frencilerinin kaleminden yaz\u0131lar.\",\"breadcrumb\":{\"@id\":\"http:\/\/www.tpocg.org\/blog\/arayisin-kollarinda-dans#breadcrumb\"},\"inLanguage\":\"tr\",\"potentialAction\":[{\"@type\":\"ReadAction\",\"target\":[\"http:\/\/www.tpocg.org\/blog\/arayisin-kollarinda-dans\"]}]},{\"@type\":\"BreadcrumbList\",\"@id\":\"http:\/\/www.tpocg.org\/blog\/arayisin-kollarinda-dans#breadcrumb\",\"itemListElement\":[{\"@type\":\"ListItem\",\"position\":1,\"name\":\"Ana sayfa\",\"item\":\"http:\/\/www.tpocg.org\/blog\"},{\"@type\":\"ListItem\",\"position\":2,\"name\":\"Aray\u0131\u015f\u0131n Kollar\u0131nda Dans\"}]},{\"@type\":\"WebSite\",\"@id\":\"http:\/\/www.tpocg.org\/blog\/#website\",\"url\":\"http:\/\/www.tpocg.org\/blog\/\",\"name\":\"Ak\u0131l Defterim\",\"description\":\"Psikoloji \u00d6\u011frencilerinden Yaz\u0131lar\",\"publisher\":{\"@id\":\"http:\/\/www.tpocg.org\/blog\/#organization\"},\"potentialAction\":[{\"@type\":\"SearchAction\",\"target\":{\"@type\":\"EntryPoint\",\"urlTemplate\":\"http:\/\/www.tpocg.org\/blog\/?s={search_term_string}\"},\"query-input\":\"required name=search_term_string\"}],\"inLanguage\":\"tr\"},{\"@type\":\"Organization\",\"@id\":\"http:\/\/www.tpocg.org\/blog\/#organization\",\"name\":\"TP\u00d6\u00c7G\",\"url\":\"http:\/\/www.tpocg.org\/blog\/\",\"logo\":{\"@type\":\"ImageObject\",\"inLanguage\":\"tr\",\"@id\":\"http:\/\/www.tpocg.org\/blog\/#\/schema\/logo\/image\/\",\"url\":\"http:\/\/www.tpocg.org\/blog\/wp-content\/uploads\/2016\/03\/fav.jpg\",\"contentUrl\":\"http:\/\/www.tpocg.org\/blog\/wp-content\/uploads\/2016\/03\/fav.jpg\",\"width\":72,\"height\":72,\"caption\":\"TP\u00d6\u00c7G\"},\"image\":{\"@id\":\"http:\/\/www.tpocg.org\/blog\/#\/schema\/logo\/image\/\"},\"sameAs\":[\"https:\/\/www.facebook.com\/tpocg\",\"https:\/\/twitter.com\/tpocg\",\"https:\/\/www.instagram.com\/tpocg\",\"https:\/\/www.youtube.com\/user\/TPOCG\"]},{\"@type\":\"Person\",\"@id\":\"http:\/\/www.tpocg.org\/blog\/#\/schema\/person\/c04a0f37510eab9596fea3d3b95f72a9\",\"name\":\"Seher Avc\u0131\",\"image\":{\"@type\":\"ImageObject\",\"inLanguage\":\"tr\",\"@id\":\"http:\/\/www.tpocg.org\/blog\/#\/schema\/person\/image\/\",\"url\":\"http:\/\/0.gravatar.com\/avatar\/c6cd5bca15af5cbe7415b0f3692cafbd?s=96&d=mm&r=g\",\"contentUrl\":\"http:\/\/0.gravatar.com\/avatar\/c6cd5bca15af5cbe7415b0f3692cafbd?s=96&d=mm&r=g\",\"caption\":\"Seher Avc\u0131\"},\"url\":\"http:\/\/www.tpocg.org\/blog\/author\/seher\"}]}<\/script>\n<!-- \/ Yoast SEO plugin. -->","yoast_head_json":{"title":"Aray\u0131\u015f\u0131n Kollar\u0131nda Dans | Ak\u0131l Defterim","description":"Psikoloji \u00f6\u011frencilerinin kaleminden yaz\u0131lar.","robots":{"index":"index","follow":"follow","max-snippet":"max-snippet:-1","max-image-preview":"max-image-preview:large","max-video-preview":"max-video-preview:-1"},"canonical":"http:\/\/www.tpocg.org\/blog\/arayisin-kollarinda-dans","og_locale":"tr_TR","og_type":"article","og_title":"Aray\u0131\u015f\u0131n Kollar\u0131nda Dans | Ak\u0131l Defterim","og_description":"Psikoloji \u00f6\u011frencilerinin kaleminden yaz\u0131lar.","og_url":"http:\/\/www.tpocg.org\/blog\/arayisin-kollarinda-dans","og_site_name":"Ak\u0131l Defterim","article_publisher":"https:\/\/www.facebook.com\/tpocg","article_published_time":"2023-09-28T16:00:15+00:00","article_modified_time":"2023-09-28T09:31:42+00:00","og_image":[{"width":736,"height":879,"url":"http:\/\/www.tpocg.org\/blog\/wp-content\/uploads\/2023\/09\/Arayisin-Kollarinda-Dans-gorsel.jpg","type":"image\/jpeg"}],"author":"Seher Avc\u0131","twitter_card":"summary_large_image","twitter_creator":"@tpocg","twitter_site":"@tpocg","twitter_misc":{"Yazan:":"Seher Avc\u0131","Tahmini okuma s\u00fcresi":"2 dakika"},"schema":{"@context":"https:\/\/schema.org","@graph":[{"@type":"Article","@id":"http:\/\/www.tpocg.org\/blog\/arayisin-kollarinda-dans#article","isPartOf":{"@id":"http:\/\/www.tpocg.org\/blog\/arayisin-kollarinda-dans"},"author":{"name":"Seher Avc\u0131","@id":"http:\/\/www.tpocg.org\/blog\/#\/schema\/person\/c04a0f37510eab9596fea3d3b95f72a9"},"headline":"Aray\u0131\u015f\u0131n Kollar\u0131nda Dans","datePublished":"2023-09-28T16:00:15+00:00","dateModified":"2023-09-28T09:31:42+00:00","mainEntityOfPage":{"@id":"http:\/\/www.tpocg.org\/blog\/arayisin-kollarinda-dans"},"wordCount":359,"commentCount":0,"publisher":{"@id":"http:\/\/www.tpocg.org\/blog\/#organization"},"articleSection":["Blog","Denemeler"],"inLanguage":"tr","potentialAction":[{"@type":"CommentAction","name":"Comment","target":["http:\/\/www.tpocg.org\/blog\/arayisin-kollarinda-dans#respond"]}]},{"@type":"WebPage","@id":"http:\/\/www.tpocg.org\/blog\/arayisin-kollarinda-dans","url":"http:\/\/www.tpocg.org\/blog\/arayisin-kollarinda-dans","name":"Aray\u0131\u015f\u0131n Kollar\u0131nda Dans | Ak\u0131l Defterim","isPartOf":{"@id":"http:\/\/www.tpocg.org\/blog\/#website"},"datePublished":"2023-09-28T16:00:15+00:00","dateModified":"2023-09-28T09:31:42+00:00","description":"Psikoloji \u00f6\u011frencilerinin kaleminden yaz\u0131lar.","breadcrumb":{"@id":"http:\/\/www.tpocg.org\/blog\/arayisin-kollarinda-dans#breadcrumb"},"inLanguage":"tr","potentialAction":[{"@type":"ReadAction","target":["http:\/\/www.tpocg.org\/blog\/arayisin-kollarinda-dans"]}]},{"@type":"BreadcrumbList","@id":"http:\/\/www.tpocg.org\/blog\/arayisin-kollarinda-dans#breadcrumb","itemListElement":[{"@type":"ListItem","position":1,"name":"Ana sayfa","item":"http:\/\/www.tpocg.org\/blog"},{"@type":"ListItem","position":2,"name":"Aray\u0131\u015f\u0131n Kollar\u0131nda Dans"}]},{"@type":"WebSite","@id":"http:\/\/www.tpocg.org\/blog\/#website","url":"http:\/\/www.tpocg.org\/blog\/","name":"Ak\u0131l Defterim","description":"Psikoloji \u00d6\u011frencilerinden Yaz\u0131lar","publisher":{"@id":"http:\/\/www.tpocg.org\/blog\/#organization"},"potentialAction":[{"@type":"SearchAction","target":{"@type":"EntryPoint","urlTemplate":"http:\/\/www.tpocg.org\/blog\/?s={search_term_string}"},"query-input":"required name=search_term_string"}],"inLanguage":"tr"},{"@type":"Organization","@id":"http:\/\/www.tpocg.org\/blog\/#organization","name":"TP\u00d6\u00c7G","url":"http:\/\/www.tpocg.org\/blog\/","logo":{"@type":"ImageObject","inLanguage":"tr","@id":"http:\/\/www.tpocg.org\/blog\/#\/schema\/logo\/image\/","url":"http:\/\/www.tpocg.org\/blog\/wp-content\/uploads\/2016\/03\/fav.jpg","contentUrl":"http:\/\/www.tpocg.org\/blog\/wp-content\/uploads\/2016\/03\/fav.jpg","width":72,"height":72,"caption":"TP\u00d6\u00c7G"},"image":{"@id":"http:\/\/www.tpocg.org\/blog\/#\/schema\/logo\/image\/"},"sameAs":["https:\/\/www.facebook.com\/tpocg","https:\/\/twitter.com\/tpocg","https:\/\/www.instagram.com\/tpocg","https:\/\/www.youtube.com\/user\/TPOCG"]},{"@type":"Person","@id":"http:\/\/www.tpocg.org\/blog\/#\/schema\/person\/c04a0f37510eab9596fea3d3b95f72a9","name":"Seher Avc\u0131","image":{"@type":"ImageObject","inLanguage":"tr","@id":"http:\/\/www.tpocg.org\/blog\/#\/schema\/person\/image\/","url":"http:\/\/0.gravatar.com\/avatar\/c6cd5bca15af5cbe7415b0f3692cafbd?s=96&d=mm&r=g","contentUrl":"http:\/\/0.gravatar.com\/avatar\/c6cd5bca15af5cbe7415b0f3692cafbd?s=96&d=mm&r=g","caption":"Seher Avc\u0131"},"url":"http:\/\/www.tpocg.org\/blog\/author\/seher"}]}},"_links":{"self":[{"href":"http:\/\/www.tpocg.org\/blog\/wp-json\/wp\/v2\/posts\/4798"}],"collection":[{"href":"http:\/\/www.tpocg.org\/blog\/wp-json\/wp\/v2\/posts"}],"about":[{"href":"http:\/\/www.tpocg.org\/blog\/wp-json\/wp\/v2\/types\/post"}],"author":[{"embeddable":true,"href":"http:\/\/www.tpocg.org\/blog\/wp-json\/wp\/v2\/users\/87"}],"replies":[{"embeddable":true,"href":"http:\/\/www.tpocg.org\/blog\/wp-json\/wp\/v2\/comments?post=4798"}],"version-history":[{"count":1,"href":"http:\/\/www.tpocg.org\/blog\/wp-json\/wp\/v2\/posts\/4798\/revisions"}],"predecessor-version":[{"id":4800,"href":"http:\/\/www.tpocg.org\/blog\/wp-json\/wp\/v2\/posts\/4798\/revisions\/4800"}],"wp:featuredmedia":[{"embeddable":true,"href":"http:\/\/www.tpocg.org\/blog\/wp-json\/wp\/v2\/media\/4799"}],"wp:attachment":[{"href":"http:\/\/www.tpocg.org\/blog\/wp-json\/wp\/v2\/media?parent=4798"}],"wp:term":[{"taxonomy":"category","embeddable":true,"href":"http:\/\/www.tpocg.org\/blog\/wp-json\/wp\/v2\/categories?post=4798"},{"taxonomy":"post_tag","embeddable":true,"href":"http:\/\/www.tpocg.org\/blog\/wp-json\/wp\/v2\/tags?post=4798"}],"curies":[{"name":"wp","href":"https:\/\/api.w.org\/{rel}","templated":true}]}}