{"id":4772,"date":"2023-09-21T19:00:00","date_gmt":"2023-09-21T16:00:00","guid":{"rendered":"https:\/\/www.tpocg.org\/blog\/?p=4772"},"modified":"2023-09-23T11:44:48","modified_gmt":"2023-09-23T08:44:48","slug":"isiklara-dikkat-et","status":"publish","type":"post","link":"http:\/\/www.tpocg.org\/blog\/isiklara-dikkat-et","title":{"rendered":"I\u015f\u0131klara Dikkat Et"},"content":{"rendered":"\r\n<p dir=\"ltr\" style=\"line-height: 1.295; text-indent: 36pt; text-align: justify; margin-top: 0pt; margin-bottom: 8pt;\"><span style=\"font-size: 12pt; font-family: 'Times New Roman', serif; background-color: transparent; font-style: italic; font-variant-numeric: normal; font-variant-east-asian: normal; font-variant-alternates: normal; vertical-align: baseline;\">(Bu yaz\u0131n\u0131n okunmas\u0131 yakla\u015f\u0131k olarak 3 dakika s\u00fcrmektedir.)<\/span><span style=\"font-size: 12pt; font-family: 'Times New Roman', serif; background-color: transparent; font-variant-numeric: normal; font-variant-east-asian: normal; font-variant-alternates: normal; vertical-align: baseline;\">\u00a0<\/span><\/p>\r\n<p dir=\"ltr\" style=\"line-height: 1.295; text-indent: 36pt; text-align: justify; margin-top: 0pt; margin-bottom: 8pt;\"><span style=\"font-size: 12pt; font-family: 'Times New Roman', serif; background-color: transparent; font-variant-numeric: normal; font-variant-east-asian: normal; font-variant-alternates: normal; vertical-align: baseline;\">Kar\u015f\u0131nda bembeyaz, tertemiz bir sayfa var.\u00a0 O sayfaya ilk ne yapard\u0131n? G\u00fcnlerdir evden \u00e7\u0131km\u0131yordu, bunun nedenini bilmemesine ra\u011fmen ya\u011fmurlu havalar\u0131 kendince bahane ediyordu. Birka\u00e7 g\u00fcn \u00f6nce kesilmi\u015f elektrik dolay\u0131s\u0131yla t\u00fcketti\u011fi mumlar\u0131n sonuncusu dibi g\u00f6r\u00fcyorken o; mumu eline alm\u0131\u015f, y\u00fcz\u00fcn\u00fc y\u0131kamak i\u00e7in sar\u0131 \u0131\u015f\u0131\u011f\u0131n ayd\u0131nlatt\u0131\u011f\u0131 koridorda a\u011f\u0131r a\u011f\u0131r ilerliyordu. Titrek nefes al\u0131\u015fveri\u015finden dalgalanan alev tanesinin yans\u0131d\u0131\u011f\u0131 cama g\u00f6zleri \u00e7arpt\u0131\u011f\u0131nda; k\u0131sa bir \u00e2n bak\u0131\u015flar\u0131 dokundu\u011fu yans\u0131madaki yabanc\u0131da tak\u0131l\u0131 kalsa da g\u00f6zlerini \u00e7ekip ad\u0131mlar\u0131n\u0131 h\u0131zland\u0131rd\u0131. Nedensizce seri davranarak so\u011fuk suyu y\u00fcz\u00fcnde gezdirdikten sonra kendi kendine sessizli\u011fi yok etmek ad\u0131na m\u0131r\u0131ldand\u0131\u011f\u0131 bir melodi ile oturma odas\u0131ndaki masan\u0131n \u00fcst\u00fcne mum taba\u011f\u0131n\u0131 b\u0131rakt\u0131. <\/span><\/p>\r\n<p dir=\"ltr\" style=\"line-height: 1.295; text-indent: 36pt; text-align: justify; margin-top: 0pt; margin-bottom: 8pt;\"><span style=\"font-size: 12pt; font-family: 'Times New Roman', serif; background-color: transparent; font-variant-numeric: normal; font-variant-east-asian: normal; font-variant-alternates: normal; vertical-align: baseline;\">D\u0131\u015far\u0131dan gelen sar\u0131 \u0131\u015f\u0131klar\u0131n vurdu\u011fu tekli koltu\u011fa yava\u015f\u00e7a kurulurken kendisine yaln\u0131zca ya\u011fmur tanelerinin cama vurdu\u011fu ses e\u015flik ediyordu. Bak\u0131\u015flar\u0131n\u0131 mum alevinin ayd\u0131nlatt\u0131\u011f\u0131 masan\u0131n k\u00f6\u015fesinde duran siyah tabancaya \u00e7evirdi.\u00a0Baz\u0131 \u015feylere al\u0131\u015fmam\u0131\u015ft\u0131.\u00a0Ne zaman bir tiyatro sahnesinin ortas\u0131nda seyirciyi son sahnenin ard\u0131ndan selamlad\u0131\u011f\u0131n\u0131 hissetse elindeki senaryonun bitti\u011fini d\u00fc\u015f\u00fcn\u00fcrd\u00fc. Senaryonun son kelimesi hayat\u0131na d\u00f6k\u00fcld\u00fc\u011f\u00fc her \u00e2n sahnenin arkas\u0131ndaki karanl\u0131\u011f\u0131n derinlerine ad\u0131m atmak i\u00e7in haz\u0131rlard\u0131 kendisini. Fakat asla son bulmad\u0131, hikayesinin bitti\u011fini d\u00fc\u015f\u00fcnd\u00fc\u011f\u00fc her \u00e2n bo\u015f bir sayfa a\u00e7\u0131ld\u0131 \u00f6n\u00fcne ve kaderiyle karalanm\u0131\u015f o ka\u011f\u0131tlar\u0131n aras\u0131na her yeni sayfa a\u00e7\u0131ld\u0131\u011f\u0131nda i\u00e7i umut doldu. D\u00fc\u015fleriyle boyad\u0131, hayalleriyle karalad\u0131, inan\u00e7lar\u0131yla yazd\u0131\u2026 <\/span><span style=\"font-size: 12pt; font-family: 'Times New Roman', serif; background-color: transparent; font-variant-numeric: normal; font-variant-east-asian: normal; font-variant-alternates: normal; vertical-align: baseline;\">Ge\u00e7mi\u015fin yok olmas\u0131 imk\u00e2ns\u0131z iken sanki ge\u00e7mi\u015f asla var olmam\u0131\u015f\u00e7as\u0131na doldurdu o sayfalar\u0131. <\/span><\/p>\r\n<p dir=\"ltr\" style=\"line-height: 1.295; text-indent: 36pt; text-align: justify; margin-top: 0pt; margin-bottom: 8pt;\"><span style=\"font-size: 12pt; font-family: 'Times New Roman', serif; background-color: transparent; font-variant-numeric: normal; font-variant-east-asian: normal; font-variant-alternates: normal; vertical-align: baseline;\">Yeniden sahneye \u00e7\u0131kt\u0131 hayat\u0131n\u0131 ya\u015famak \u00fczere, yeniden \u0131\u015f\u0131klar\u0131n alt\u0131nda kaderinin yaz\u0131ld\u0131\u011f\u0131 ka\u011f\u0131tlarla yol \u00e7izdi kendisine.\u015eimdi ise her yans\u0131mas\u0131na bakt\u0131\u011f\u0131nda kar\u015f\u0131la\u015fmay\u0131 umdu\u011fu k\u00fc\u00e7\u00fck \u00e7ocu\u011fun, o birikmi\u015f sayfalar y\u0131\u011f\u0131n\u0131 y\u00fcz\u00fcnden g\u00f6zlerinin \u00f6n\u00fcnde bir \u00e2nda bu kadar \u00e7abuk b\u00fcy\u00fcmesine al\u0131\u015famam\u0131\u015ft\u0131. B\u00fcy\u00fcd\u00fck\u00e7e o sayfalarda b\u0131rak\u0131lan lekelerin, kalplerde bu denli derin izlere yol a\u00e7mas\u0131na al\u0131\u015famad\u0131. Ona g\u00f6re insanlar duygular\u0131yla ba\u011f kurard\u0131; kalpler her yeni bir ba\u011f kurdu\u011funda \u0131s\u0131n\u0131r, her kurdu\u011fu ba\u011f koptu\u011funda da ta\u015fla\u015f\u0131rd\u0131. Onun ise g\u00f6stermeye utand\u0131\u011f\u0131 izleri kendisine saklad\u0131\u011f\u0131 s\u00fcre\u00e7te ba\u011flayacak hi\u00e7bir duygusu kalmam\u0131\u015ft\u0131. <\/span><\/p>\r\n<p dir=\"ltr\" style=\"line-height: 1.295; text-indent: 36pt; text-align: justify; margin-top: 0pt; margin-bottom: 8pt;\"><span style=\"font-size: 12pt; font-family: 'Times New Roman', serif; background-color: transparent; font-variant-numeric: normal; font-variant-east-asian: normal; font-variant-alternates: normal; vertical-align: baseline;\">Yapayaln\u0131zd\u0131, kar\u015f\u0131s\u0131ndaki yabanc\u0131y\u0131 g\u00f6rmek ad\u0131na art\u0131k aynaya d\u00e2hi ihtiya\u00e7 duymuyordu. <\/span><span style=\"font-size: 12pt; font-family: 'Times New Roman', serif; background-color: transparent; font-style: italic; font-variant-numeric: normal; font-variant-east-asian: normal; font-variant-alternates: normal; vertical-align: baseline;\">\u201cKar\u015f\u0131nda bembeyaz, tertemiz bir sayfa var,\u201d<\/span><span style=\"font-size: 12pt; font-family: 'Times New Roman', serif; background-color: transparent; font-variant-numeric: normal; font-variant-east-asian: normal; font-variant-alternates: normal; vertical-align: baseline;\"> dedi o yabanc\u0131. <\/span><span style=\"font-size: 12pt; font-family: 'Times New Roman', serif; background-color: transparent; font-style: italic; font-variant-numeric: normal; font-variant-east-asian: normal; font-variant-alternates: normal; vertical-align: baseline;\">\u201cO sayfaya ilk ne yapard\u0131n?\u201d <\/span><span style=\"font-size: 12pt; font-family: 'Times New Roman', serif; background-color: transparent; font-variant-numeric: normal; font-variant-east-asian: normal; font-variant-alternates: normal; vertical-align: baseline;\">Ya\u015famaya dair verdi\u011fi kararda bu denli derin yaralarda bo\u011fulaca\u011f\u0131n\u0131 bilemezdi. Oysa zaman\u0131nda o vazge\u00e7ti\u011fi \u00f6l\u00fcm\u00fc de bu yaralardan kurtulmak ad\u0131na dilemi\u015fti. Ne de\u011fi\u015fti?\u201cHi\u00e7bir \u015fey\u2026\u201d dedi. \u201cBen o sayfay\u0131 sonsuza dek bo\u015f b\u0131rakmak isterdim.\u201d \u00c7\u00fcnk\u00fc yazd\u0131k\u00e7a yazmas\u0131, \u00e7izdik\u00e7e tamamlamas\u0131 gerekecekti. Kalemin ucu dokunduk\u00e7a kendi hayat\u0131na dokunacak, belki de ba\u015fkalar\u0131n\u0131n hayatlar\u0131yla yeni ba\u011flar kuracakt\u0131. Karalayacak, hatalar yapacak; g\u00f6zya\u015flar\u0131yla \u0131slatacak, geri silinmeyecek lekeler b\u0131rakacakt\u0131. \u201cBombo\u015f b\u0131rak\u0131rd\u0131m o sayfay\u0131.\u201d dedi tekrar. \u00c7\u00fcnk\u00fc insan, t\u00fcm o karalamalar\u0131n alt\u0131nda bo\u011fulurken yaln\u0131zca nefes almak istiyordu. \u00c7\u00fcnk\u00fc hayata ba\u011flanmay\u0131 sa\u011flayan t\u00fcm o hayallerden, insanlardan, ya\u015fanm\u0131\u015fl\u0131klardan uzak, bombo\u015f bir sayfaya sar\u0131l\u0131p g\u00f6zlerini kapatmak; \u00f6l\u00fcm\u00fc kucakl\u0131yormu\u015f gibi hissettiriyordu. O sayfay\u0131 bombo\u015f b\u0131rakt\u0131. \u00c7\u00fcnk\u00fc \u00f6l\u00fcm\u00fc d\u00fc\u015fleyen insan, hayat\u0131n\u0131n bir noktas\u0131nda tertemiz bir sayfa bar\u0131nd\u0131rman\u0131n ihtiyac\u0131n\u0131 hissederdi.\u00a0<\/span><span style=\"font-size: 12pt; font-family: 'Times New Roman', serif; background-color: transparent; font-style: italic; font-variant-numeric: normal; font-variant-east-asian: normal; font-variant-alternates: normal; vertical-align: baseline;\">\u201cYan\u0131l\u0131yorsun.\u201d<\/span><span style=\"font-size: 12pt; font-family: 'Times New Roman', serif; background-color: transparent; font-variant-numeric: normal; font-variant-east-asian: normal; font-variant-alternates: normal; vertical-align: baseline;\"> dedi kar\u015f\u0131s\u0131ndaki. <\/span><span style=\"font-size: 12pt; font-family: 'Times New Roman', serif; background-color: transparent; font-style: italic; font-variant-numeric: normal; font-variant-east-asian: normal; font-variant-alternates: normal; vertical-align: baseline;\">\u201cBen de ihtiya\u00e7 duyuyorum. Ama ben \u00f6l\u00fcmden ziyade yaln\u0131zca ya\u015famak istiyorum.\u201d <\/span><span style=\"font-size: 12pt; font-family: 'Times New Roman', serif; background-color: transparent; font-variant-numeric: normal; font-variant-east-asian: normal; font-variant-alternates: normal; vertical-align: baseline;\">\u201cPeki bunun i\u00e7in ne yap\u0131yorsun?\u201d\u00a0<\/span><span style=\"font-size: 12pt; font-family: 'Times New Roman', serif; background-color: transparent; font-style: italic; font-variant-numeric: normal; font-variant-east-asian: normal; font-variant-alternates: normal; vertical-align: baseline;\">\u201cBen\u2026\u201d <\/span><span style=\"font-size: 12pt; font-family: 'Times New Roman', serif; background-color: transparent; font-variant-numeric: normal; font-variant-east-asian: normal; font-variant-alternates: normal; vertical-align: baseline;\">dedi, duraksad\u0131. <\/span><span style=\"font-size: 12pt; font-family: 'Times New Roman', serif; background-color: transparent; font-style: italic; font-variant-numeric: normal; font-variant-east-asian: normal; font-variant-alternates: normal; vertical-align: baseline;\">\u201cBilmiyorum\u2026 Nas\u0131l ya\u015fan\u0131r bilmiyorum. Nas\u0131l sevilir, nas\u0131l sevinilir, nas\u0131l mutlu olunur bilmiyorum.\u201d<\/span><\/p>\r\n<p dir=\"ltr\" style=\"line-height: 1.295; text-indent: 36pt; text-align: justify; margin-top: 0pt; margin-bottom: 8pt;\"><span style=\"font-size: 12pt; font-family: 'Times New Roman', serif; background-color: transparent; font-variant-numeric: normal; font-variant-east-asian: normal; font-variant-alternates: normal; vertical-align: baseline;\">Elinde tuttu\u011fu senaryo sonlanmaya yak\u0131n iken art\u0131k \u0131\u015f\u0131klar son bir sahne i\u00e7in ayd\u0131nlat\u0131yordu perdeyi. Seyirciler yerinde, ac\u0131lar barda\u011f\u0131nda, \u00f6l\u00fcm tam kar\u015f\u0131da. O sahneyi ayd\u0131nlatmak hi\u00e7bir \u00e2n do\u011fru olmad\u0131, olmayacak da\u2026<\/span><span style=\"font-size: 12pt; font-family: 'Times New Roman', serif; background-color: transparent; font-variant-numeric: normal; font-variant-east-asian: normal; font-variant-alternates: normal; vertical-align: baseline;\"> I\u015f\u0131klar\u0131n aras\u0131ndan karanl\u0131\u011fa \u00e7ekildi ko\u015far ad\u0131mlarla, son sahneye hayat vermek istemedi bu defa. T\u00fcm bak\u0131\u015flardan, eline son sahneyi sergilemesi i\u00e7in senaryolar tutu\u015fturan insanlardan uza\u011fa \u00e7ekildi.\u00a0Kaderinin yeniden sonland\u0131\u011f\u0131n\u0131 d\u00fc\u015f\u00fcnd\u00fc\u011f\u00fc vakit bu defa ellerinde d\u00fc\u015fleri, hayalleri ya da inan\u00e7lar\u0131 kalmam\u0131\u015ft\u0131. Ve o \u00e2nda \u00f6n\u00fcne yeni bir sayfa a\u00e7\u0131ld\u0131. Koca bir karanl\u0131ktan olu\u015fan bu sayfa \u00f6yle temiz g\u00f6r\u00fcnd\u00fc ki g\u00f6z\u00fcne, \u00fczeri karaland\u0131k\u00e7a y\u00fcreklerden \u00e7\u0131kmayan yaralara sebep veren o bembeyaz sayfalardan ziyade, hayat\u0131nda ilk defa beyaz\u0131n safl\u0131\u011f\u0131na de\u011fil de karanl\u0131\u011f\u0131n o kusurlar\u0131 \u00f6rten yan\u0131na s\u0131\u011f\u0131nmak istedi. Kar\u015f\u0131s\u0131ndaki o ya\u015famak nedir bilmeyen yabanc\u0131 bir \u00e2nda gitti, mum son alevini birka\u00e7 saniye daha ya\u015fatmas\u0131n\u0131n ard\u0131ndan kendisini t\u00fcketti. D\u0131\u015far\u0131daki ya\u011fmur damlalar\u0131n\u0131n camda b\u0131rakt\u0131\u011f\u0131 k\u00fc\u00e7\u00fck \u00e7arp\u0131nt\u0131lar kulaklar\u0131n\u0131 doldururken derin bir nefer verdi.\u201cKar\u015f\u0131mda tertemiz bir sayfa var. \u015eimdi ne yapaca\u011f\u0131m?\u201d\u00a0<\/span><\/p>\r\n<p dir=\"ltr\" style=\"line-height: 1.295; text-indent: 36pt; text-align: justify; margin-top: 0pt; margin-bottom: 8pt;\"><span style=\"font-size: 12pt; font-family: 'Times New Roman', serif; background-color: transparent; font-variant-numeric: normal; font-variant-east-asian: normal; font-variant-alternates: normal; vertical-align: baseline;\">Yazar: Beyza Dilara ME\u015eEC\u0130<\/span><\/p>\r\n<p dir=\"ltr\" style=\"line-height: 1.295; text-indent: 36pt; text-align: justify; margin-top: 0pt; margin-bottom: 8pt;\"><span style=\"font-size: 12pt; font-family: 'Times New Roman', serif; background-color: transparent; font-variant-numeric: normal; font-variant-east-asian: normal; font-variant-alternates: normal; vertical-align: baseline;\">G\u00f6rsel Kaynak: https:\/\/tr.pinterest.com\/pin\/483503710007753481\/<\/span><\/p>\r\n<div>\u00a0<\/div>\r\n","protected":false},"excerpt":{"rendered":"<p>Seyirciler yerinde, ac\u0131lar barda\u011f\u0131nda, \u00f6l\u00fcm tam kar\u015f\u0131da. O sahneyi ayd\u0131nlatmak hi\u00e7bir \u00e2n do\u011fru olmad\u0131, olmayacak da\u2026<\/p>\n","protected":false},"author":84,"featured_media":4775,"comment_status":"open","ping_status":"open","sticky":false,"template":"","format":"standard","meta":{"footnotes":""},"categories":[2,4,1],"tags":[],"yoast_head":"<!-- This site is optimized with the Yoast SEO plugin v21.0 - https:\/\/yoast.com\/wordpress\/plugins\/seo\/ -->\n<title>I\u015f\u0131klara Dikkat Et | Ak\u0131l Defterim<\/title>\n<meta name=\"description\" content=\"Psikoloji \u00f6\u011frencilerinin kaleminden yaz\u0131lar.\" \/>\n<meta name=\"robots\" content=\"index, follow, max-snippet:-1, max-image-preview:large, max-video-preview:-1\" \/>\n<link rel=\"canonical\" href=\"http:\/\/www.tpocg.org\/blog\/isiklara-dikkat-et\" \/>\n<meta property=\"og:locale\" content=\"tr_TR\" \/>\n<meta property=\"og:type\" content=\"article\" \/>\n<meta property=\"og:title\" content=\"I\u015f\u0131klara Dikkat Et | Ak\u0131l Defterim\" \/>\n<meta property=\"og:description\" content=\"Psikoloji \u00f6\u011frencilerinin kaleminden yaz\u0131lar.\" \/>\n<meta property=\"og:url\" content=\"http:\/\/www.tpocg.org\/blog\/isiklara-dikkat-et\" \/>\n<meta property=\"og:site_name\" content=\"Ak\u0131l Defterim\" \/>\n<meta property=\"article:publisher\" content=\"https:\/\/www.facebook.com\/tpocg\" \/>\n<meta property=\"article:published_time\" content=\"2023-09-21T16:00:00+00:00\" \/>\n<meta property=\"article:modified_time\" content=\"2023-09-23T08:44:48+00:00\" \/>\n<meta property=\"og:image\" content=\"http:\/\/www.tpocg.org\/blog\/wp-content\/uploads\/2023\/09\/Isiklara-Dikkat-Et-gorsel-1-2.jpg\" \/>\n\t<meta property=\"og:image:width\" content=\"736\" \/>\n\t<meta property=\"og:image:height\" content=\"980\" \/>\n\t<meta property=\"og:image:type\" content=\"image\/jpeg\" \/>\n<meta name=\"author\" content=\"Beyza Dilara Me\u015feci\" \/>\n<meta name=\"twitter:card\" content=\"summary_large_image\" \/>\n<meta name=\"twitter:creator\" content=\"@tpocg\" \/>\n<meta name=\"twitter:site\" content=\"@tpocg\" \/>\n<meta name=\"twitter:label1\" content=\"Yazan:\" \/>\n\t<meta name=\"twitter:data1\" content=\"Beyza Dilara Me\u015feci\" \/>\n\t<meta name=\"twitter:label2\" content=\"Tahmini okuma s\u00fcresi\" \/>\n\t<meta name=\"twitter:data2\" content=\"4 dakika\" \/>\n<script type=\"application\/ld+json\" class=\"yoast-schema-graph\">{\"@context\":\"https:\/\/schema.org\",\"@graph\":[{\"@type\":\"Article\",\"@id\":\"http:\/\/www.tpocg.org\/blog\/isiklara-dikkat-et#article\",\"isPartOf\":{\"@id\":\"http:\/\/www.tpocg.org\/blog\/isiklara-dikkat-et\"},\"author\":{\"name\":\"Beyza Dilara Me\u015feci\",\"@id\":\"http:\/\/www.tpocg.org\/blog\/#\/schema\/person\/3587198afc98cd7d2ede4edbcf471d9b\"},\"headline\":\"I\u015f\u0131klara Dikkat Et\",\"datePublished\":\"2023-09-21T16:00:00+00:00\",\"dateModified\":\"2023-09-23T08:44:48+00:00\",\"mainEntityOfPage\":{\"@id\":\"http:\/\/www.tpocg.org\/blog\/isiklara-dikkat-et\"},\"wordCount\":939,\"commentCount\":0,\"publisher\":{\"@id\":\"http:\/\/www.tpocg.org\/blog\/#organization\"},\"articleSection\":[\"Blog\",\"Denemeler\"],\"inLanguage\":\"tr\",\"potentialAction\":[{\"@type\":\"CommentAction\",\"name\":\"Comment\",\"target\":[\"http:\/\/www.tpocg.org\/blog\/isiklara-dikkat-et#respond\"]}]},{\"@type\":\"WebPage\",\"@id\":\"http:\/\/www.tpocg.org\/blog\/isiklara-dikkat-et\",\"url\":\"http:\/\/www.tpocg.org\/blog\/isiklara-dikkat-et\",\"name\":\"I\u015f\u0131klara Dikkat Et | Ak\u0131l Defterim\",\"isPartOf\":{\"@id\":\"http:\/\/www.tpocg.org\/blog\/#website\"},\"datePublished\":\"2023-09-21T16:00:00+00:00\",\"dateModified\":\"2023-09-23T08:44:48+00:00\",\"description\":\"Psikoloji \u00f6\u011frencilerinin kaleminden yaz\u0131lar.\",\"breadcrumb\":{\"@id\":\"http:\/\/www.tpocg.org\/blog\/isiklara-dikkat-et#breadcrumb\"},\"inLanguage\":\"tr\",\"potentialAction\":[{\"@type\":\"ReadAction\",\"target\":[\"http:\/\/www.tpocg.org\/blog\/isiklara-dikkat-et\"]}]},{\"@type\":\"BreadcrumbList\",\"@id\":\"http:\/\/www.tpocg.org\/blog\/isiklara-dikkat-et#breadcrumb\",\"itemListElement\":[{\"@type\":\"ListItem\",\"position\":1,\"name\":\"Ana sayfa\",\"item\":\"http:\/\/www.tpocg.org\/blog\"},{\"@type\":\"ListItem\",\"position\":2,\"name\":\"I\u015f\u0131klara Dikkat Et\"}]},{\"@type\":\"WebSite\",\"@id\":\"http:\/\/www.tpocg.org\/blog\/#website\",\"url\":\"http:\/\/www.tpocg.org\/blog\/\",\"name\":\"Ak\u0131l Defterim\",\"description\":\"Psikoloji \u00d6\u011frencilerinden Yaz\u0131lar\",\"publisher\":{\"@id\":\"http:\/\/www.tpocg.org\/blog\/#organization\"},\"potentialAction\":[{\"@type\":\"SearchAction\",\"target\":{\"@type\":\"EntryPoint\",\"urlTemplate\":\"http:\/\/www.tpocg.org\/blog\/?s={search_term_string}\"},\"query-input\":\"required name=search_term_string\"}],\"inLanguage\":\"tr\"},{\"@type\":\"Organization\",\"@id\":\"http:\/\/www.tpocg.org\/blog\/#organization\",\"name\":\"TP\u00d6\u00c7G\",\"url\":\"http:\/\/www.tpocg.org\/blog\/\",\"logo\":{\"@type\":\"ImageObject\",\"inLanguage\":\"tr\",\"@id\":\"http:\/\/www.tpocg.org\/blog\/#\/schema\/logo\/image\/\",\"url\":\"http:\/\/www.tpocg.org\/blog\/wp-content\/uploads\/2016\/03\/fav.jpg\",\"contentUrl\":\"http:\/\/www.tpocg.org\/blog\/wp-content\/uploads\/2016\/03\/fav.jpg\",\"width\":72,\"height\":72,\"caption\":\"TP\u00d6\u00c7G\"},\"image\":{\"@id\":\"http:\/\/www.tpocg.org\/blog\/#\/schema\/logo\/image\/\"},\"sameAs\":[\"https:\/\/www.facebook.com\/tpocg\",\"https:\/\/twitter.com\/tpocg\",\"https:\/\/www.instagram.com\/tpocg\",\"https:\/\/www.youtube.com\/user\/TPOCG\"]},{\"@type\":\"Person\",\"@id\":\"http:\/\/www.tpocg.org\/blog\/#\/schema\/person\/3587198afc98cd7d2ede4edbcf471d9b\",\"name\":\"Beyza Dilara Me\u015feci\",\"image\":{\"@type\":\"ImageObject\",\"inLanguage\":\"tr\",\"@id\":\"http:\/\/www.tpocg.org\/blog\/#\/schema\/person\/image\/\",\"url\":\"http:\/\/0.gravatar.com\/avatar\/987e8160e663ee34cf122bf71aa2a0e9?s=96&d=mm&r=g\",\"contentUrl\":\"http:\/\/0.gravatar.com\/avatar\/987e8160e663ee34cf122bf71aa2a0e9?s=96&d=mm&r=g\",\"caption\":\"Beyza Dilara Me\u015feci\"},\"url\":\"http:\/\/www.tpocg.org\/blog\/author\/beyza-dilara\"}]}<\/script>\n<!-- \/ Yoast SEO plugin. -->","yoast_head_json":{"title":"I\u015f\u0131klara Dikkat Et | Ak\u0131l Defterim","description":"Psikoloji \u00f6\u011frencilerinin kaleminden yaz\u0131lar.","robots":{"index":"index","follow":"follow","max-snippet":"max-snippet:-1","max-image-preview":"max-image-preview:large","max-video-preview":"max-video-preview:-1"},"canonical":"http:\/\/www.tpocg.org\/blog\/isiklara-dikkat-et","og_locale":"tr_TR","og_type":"article","og_title":"I\u015f\u0131klara Dikkat Et | Ak\u0131l Defterim","og_description":"Psikoloji \u00f6\u011frencilerinin kaleminden yaz\u0131lar.","og_url":"http:\/\/www.tpocg.org\/blog\/isiklara-dikkat-et","og_site_name":"Ak\u0131l Defterim","article_publisher":"https:\/\/www.facebook.com\/tpocg","article_published_time":"2023-09-21T16:00:00+00:00","article_modified_time":"2023-09-23T08:44:48+00:00","og_image":[{"width":736,"height":980,"url":"http:\/\/www.tpocg.org\/blog\/wp-content\/uploads\/2023\/09\/Isiklara-Dikkat-Et-gorsel-1-2.jpg","type":"image\/jpeg"}],"author":"Beyza Dilara Me\u015feci","twitter_card":"summary_large_image","twitter_creator":"@tpocg","twitter_site":"@tpocg","twitter_misc":{"Yazan:":"Beyza Dilara Me\u015feci","Tahmini okuma s\u00fcresi":"4 dakika"},"schema":{"@context":"https:\/\/schema.org","@graph":[{"@type":"Article","@id":"http:\/\/www.tpocg.org\/blog\/isiklara-dikkat-et#article","isPartOf":{"@id":"http:\/\/www.tpocg.org\/blog\/isiklara-dikkat-et"},"author":{"name":"Beyza Dilara Me\u015feci","@id":"http:\/\/www.tpocg.org\/blog\/#\/schema\/person\/3587198afc98cd7d2ede4edbcf471d9b"},"headline":"I\u015f\u0131klara Dikkat Et","datePublished":"2023-09-21T16:00:00+00:00","dateModified":"2023-09-23T08:44:48+00:00","mainEntityOfPage":{"@id":"http:\/\/www.tpocg.org\/blog\/isiklara-dikkat-et"},"wordCount":939,"commentCount":0,"publisher":{"@id":"http:\/\/www.tpocg.org\/blog\/#organization"},"articleSection":["Blog","Denemeler"],"inLanguage":"tr","potentialAction":[{"@type":"CommentAction","name":"Comment","target":["http:\/\/www.tpocg.org\/blog\/isiklara-dikkat-et#respond"]}]},{"@type":"WebPage","@id":"http:\/\/www.tpocg.org\/blog\/isiklara-dikkat-et","url":"http:\/\/www.tpocg.org\/blog\/isiklara-dikkat-et","name":"I\u015f\u0131klara Dikkat Et | Ak\u0131l Defterim","isPartOf":{"@id":"http:\/\/www.tpocg.org\/blog\/#website"},"datePublished":"2023-09-21T16:00:00+00:00","dateModified":"2023-09-23T08:44:48+00:00","description":"Psikoloji \u00f6\u011frencilerinin kaleminden yaz\u0131lar.","breadcrumb":{"@id":"http:\/\/www.tpocg.org\/blog\/isiklara-dikkat-et#breadcrumb"},"inLanguage":"tr","potentialAction":[{"@type":"ReadAction","target":["http:\/\/www.tpocg.org\/blog\/isiklara-dikkat-et"]}]},{"@type":"BreadcrumbList","@id":"http:\/\/www.tpocg.org\/blog\/isiklara-dikkat-et#breadcrumb","itemListElement":[{"@type":"ListItem","position":1,"name":"Ana sayfa","item":"http:\/\/www.tpocg.org\/blog"},{"@type":"ListItem","position":2,"name":"I\u015f\u0131klara Dikkat Et"}]},{"@type":"WebSite","@id":"http:\/\/www.tpocg.org\/blog\/#website","url":"http:\/\/www.tpocg.org\/blog\/","name":"Ak\u0131l Defterim","description":"Psikoloji \u00d6\u011frencilerinden Yaz\u0131lar","publisher":{"@id":"http:\/\/www.tpocg.org\/blog\/#organization"},"potentialAction":[{"@type":"SearchAction","target":{"@type":"EntryPoint","urlTemplate":"http:\/\/www.tpocg.org\/blog\/?s={search_term_string}"},"query-input":"required name=search_term_string"}],"inLanguage":"tr"},{"@type":"Organization","@id":"http:\/\/www.tpocg.org\/blog\/#organization","name":"TP\u00d6\u00c7G","url":"http:\/\/www.tpocg.org\/blog\/","logo":{"@type":"ImageObject","inLanguage":"tr","@id":"http:\/\/www.tpocg.org\/blog\/#\/schema\/logo\/image\/","url":"http:\/\/www.tpocg.org\/blog\/wp-content\/uploads\/2016\/03\/fav.jpg","contentUrl":"http:\/\/www.tpocg.org\/blog\/wp-content\/uploads\/2016\/03\/fav.jpg","width":72,"height":72,"caption":"TP\u00d6\u00c7G"},"image":{"@id":"http:\/\/www.tpocg.org\/blog\/#\/schema\/logo\/image\/"},"sameAs":["https:\/\/www.facebook.com\/tpocg","https:\/\/twitter.com\/tpocg","https:\/\/www.instagram.com\/tpocg","https:\/\/www.youtube.com\/user\/TPOCG"]},{"@type":"Person","@id":"http:\/\/www.tpocg.org\/blog\/#\/schema\/person\/3587198afc98cd7d2ede4edbcf471d9b","name":"Beyza Dilara Me\u015feci","image":{"@type":"ImageObject","inLanguage":"tr","@id":"http:\/\/www.tpocg.org\/blog\/#\/schema\/person\/image\/","url":"http:\/\/0.gravatar.com\/avatar\/987e8160e663ee34cf122bf71aa2a0e9?s=96&d=mm&r=g","contentUrl":"http:\/\/0.gravatar.com\/avatar\/987e8160e663ee34cf122bf71aa2a0e9?s=96&d=mm&r=g","caption":"Beyza Dilara Me\u015feci"},"url":"http:\/\/www.tpocg.org\/blog\/author\/beyza-dilara"}]}},"_links":{"self":[{"href":"http:\/\/www.tpocg.org\/blog\/wp-json\/wp\/v2\/posts\/4772"}],"collection":[{"href":"http:\/\/www.tpocg.org\/blog\/wp-json\/wp\/v2\/posts"}],"about":[{"href":"http:\/\/www.tpocg.org\/blog\/wp-json\/wp\/v2\/types\/post"}],"author":[{"embeddable":true,"href":"http:\/\/www.tpocg.org\/blog\/wp-json\/wp\/v2\/users\/84"}],"replies":[{"embeddable":true,"href":"http:\/\/www.tpocg.org\/blog\/wp-json\/wp\/v2\/comments?post=4772"}],"version-history":[{"count":6,"href":"http:\/\/www.tpocg.org\/blog\/wp-json\/wp\/v2\/posts\/4772\/revisions"}],"predecessor-version":[{"id":4788,"href":"http:\/\/www.tpocg.org\/blog\/wp-json\/wp\/v2\/posts\/4772\/revisions\/4788"}],"wp:featuredmedia":[{"embeddable":true,"href":"http:\/\/www.tpocg.org\/blog\/wp-json\/wp\/v2\/media\/4775"}],"wp:attachment":[{"href":"http:\/\/www.tpocg.org\/blog\/wp-json\/wp\/v2\/media?parent=4772"}],"wp:term":[{"taxonomy":"category","embeddable":true,"href":"http:\/\/www.tpocg.org\/blog\/wp-json\/wp\/v2\/categories?post=4772"},{"taxonomy":"post_tag","embeddable":true,"href":"http:\/\/www.tpocg.org\/blog\/wp-json\/wp\/v2\/tags?post=4772"}],"curies":[{"name":"wp","href":"https:\/\/api.w.org\/{rel}","templated":true}]}}