{"id":4762,"date":"2023-09-16T19:00:00","date_gmt":"2023-09-16T16:00:00","guid":{"rendered":"https:\/\/www.tpocg.org\/blog\/?p=4762"},"modified":"2023-09-23T12:00:48","modified_gmt":"2023-09-23T09:00:48","slug":"ayin-onerileri-2","status":"publish","type":"post","link":"http:\/\/www.tpocg.org\/blog\/ayin-onerileri-2","title":{"rendered":"Eyl\u00fcl Ay\u0131 \u00d6nerileri"},"content":{"rendered":"\r\n<p>Sonbahar\u0131n ilk ay\u0131, bereket ay\u0131, Eyl\u00fcl\u2019e girerken yeni yazar\u0131n\u0131zla tan\u0131\u015ft\u0131\u011f\u0131n\u0131z\u0131 s\u00f6ylemekten b\u00fcy\u00fck onur duyuyorum. Bu ay benim i\u00e7in \u00e7ok \u00f6zel olmakla birlikte herkese de a\u015fk\u0131, hayalleri ve yeni ba\u015flang\u0131\u00e7lar\u0131 hat\u0131rlatt\u0131\u011f\u0131n\u0131 umuyorum. Bu y\u00fczden b\u00fct\u00fcn okuyucular\u0131ma benimle birlikte g\u00fczel bir ba\u015flang\u0131\u00e7 diliyorum. Umar\u0131m bu yaz\u0131mdan ilham ve keyif al\u0131rs\u0131n\u0131z.\u00a0 Okuduklar\u0131 i\u00e7in g\u00f6zlerinize sonsuz te\u015fekk\u00fcrler\u2026<\/p>\r\n\r\n\r\n\r\n<p><strong>Oku: Sana G\u00fcl Bah\u00e7esi Vadetmedim \/ Joanne Greenberg\u00a0<\/strong><\/p>\r\n<p><img decoding=\"async\" src=\"https:\/\/lh5.googleusercontent.com\/H3ztJm69KJdNUGdzRzmjhBUbVzMUdgeDTafc8PgKfL_9DVBc0RdL005wO2weORYGyfavB0RcaRVBqAxMpUoPzk4z3v154wflaE2-6Hj8Qie9UFBkhCdv9_lhwDGgFRsRc5Zh7kEFZ25totIuGWeVZKM\" alt=\"\" \/><\/p>\r\n\r\n\r\n\r\n<p>H\u00e2len mental bozukluklar\u0131n hastaya nas\u0131l hissettirdi\u011fini tam olarak bilmeden ya\u015f\u0131yoruz. Greenberg ise zihnen hasta olman\u0131n nas\u0131l bir \u015fey oldu\u011funu en iyi bilenlerden birisi. Kitab\u0131m\u0131z t\u0131pk\u0131 Greenberg gibi \u015fizofreni hastas\u0131 olan 16 ya\u015f\u0131ndaki Deborah hakk\u0131nda. \u00c7ok uzun s\u00fcre a\u00e7\u0131\u011fa\u00a0 \u00e7\u0131kmamak i\u00e7in farkl\u0131 mahlaslar kullanan yazar\u0131m\u0131z sonunda kendisiyle bar\u0131\u015f\u0131p kitab\u0131\u00a0 yazd\u0131\u011f\u0131n\u0131 kabul ediyor. Deborah; Yr, Koro ve \u015eimdiki D\u00fcnya aras\u0131nda s\u0131k\u0131\u015f\u0131p kalm\u0131\u015f \u00e7aresiz\u00a0 bir k\u0131z. Yaratt\u0131\u011f\u0131 d\u00fcnyalar o kadar \u00e7ok \u00fcst\u00fcne geliyor ki bir g\u00fcn intihara kalk\u0131\u015f\u0131yor. B\u00f6ylece\u00a0 kar\u0131\u015f\u0131k duygulara sahip ailesiyle bir ak\u0131l hastanesine gidiyor ve bir daha onlarla d\u00f6nm\u00fcyor.\u00a0 Burada psikiyatristiyle iyile\u015fmeye do\u011fru gelgitli d\u00f6nemler atlat\u0131rken biz ayn\u0131 zamanda onun\u00a0 b\u00fcy\u00fcmesini izliyoruz (217 sayfa).\u00a0<\/p>\r\n<hr class=\"wp-block-separator is-style-wide\" \/>\r\n\r\n\r\n<p><strong>Dinle: R\u00fcya Bozumu \/ Ezgi Alt\u0131ner<\/strong>\u00a0<\/p>\r\n<p><a href=\"https:\/\/m.imdb.com\/title\/tt18550140\/\"><img decoding=\"async\" src=\"https:\/\/lh5.googleusercontent.com\/NM93hP9FmAZNt4M9HaVJOReENUFCPQqCBOEG3yTnuuf4gberwzSacdEKFkggXxuR1tHT_x0Rsr-M75FkPynxDucSH2QjSX-pXTEoLsO9ObINZsXa1dh14EQm3q8pf6dvEDKTflTjvfsR48grCHTt_d0\" alt=\"\" \/><\/a><\/p>\r\n\r\n\r\n\r\n<p>\u201cSen Ya\u011fmur D\u00f6k\u201d grubunun solistinden single bir par\u00e7ayla kar\u015f\u0131n\u0131zday\u0131m. Bu par\u00e7a \u00f6yle bir\u00a0 par\u00e7a ki kendinizi bir \u00e2nda elinize kalem ka\u011f\u0131t alm\u0131\u015f \u00e7iziktirirken buluyorsunuz. Alt\u0131ner\u2019in hafif\u00a0 yan\u0131k sesi, a\u011flam\u0131\u015f da yeni s\u00f6ylemeye ba\u015flam\u0131\u015f gibi. \u015eahsen daha b\u00fcy\u00fck yerlere\u00a0 gelebilecekken biraz hevessizli\u011finden belki de \u00e7ok \u00fcstlere \u00e7\u0131kmay\u0131 istememi\u015f bir ses (3 dakika 10 saniye).<\/p>\r\n<hr class=\"wp-block-separator is-style-wide\" \/>\r\n\r\n\r\n<p><strong>\u0130zle: Holy Spider \/ Ali Abbasi\u00a0<\/strong><\/p>\r\n<p><img decoding=\"async\" src=\"https:\/\/lh5.googleusercontent.com\/iUKy875LOcZjWphTbdOIGZxWrWBQeIWeXbZXsygd70tPhMv1R61BshPfQQDB-dh4vuKUHaixu_nZSetzV2bzsYi9v3MMMDg_HRTSIM7H8I8q1d4mAj06vSw4Z8VggptHaSHe_ZoeMCOnTDcQl08iJSE\" alt=\"\" \/><\/p>\r\n\r\n\r\n\r\n<p>Muhtemelen filmin en \u00fcrk\u00fcn\u00e7 taraf\u0131 konunun \u0130ran\u2019\u0131n kutsal \u015fehri Me\u015fhed\u2019de ge\u00e7en\u00a0 ger\u00e7ek seri cinayet olaylar\u0131 olmas\u0131. Film, \u0130ran\u2019\u0131n h\u00e2l\u00e2 k\u00f6t\u00fcl\u00fc\u011fe dayanan iyi taraf\u0131n\u0131 da anlat\u0131yor\u00a0 tabii ki. Rahimi (Zar Amir-Ebrahimi), kad\u0131n gazetecimiz, \u00f6r\u00fcmcek katil olaylar\u0131n\u0131 duymas\u0131 \u00fczerine Me\u015fhed\u2019e gider ama tek kar\u015f\u0131la\u015ft\u0131\u011f\u0131 zorluk katille verdi\u011fi sava\u015f olmayacakt\u0131r. Sivillerin onun ba\u015f\u0131n\u0131 \u00f6rtmesine hatta sigara i\u00e7mesine kar\u0131\u015fmas\u0131 bile seyirciyi gerecek olaylara neden olacakt\u0131r. \u00d6r\u00fcmcek katilse \u201ckutsal\u201d \u015fehirdeki hayat kad\u0131nlar\u0131n\u0131 \u00f6ld\u00fcrerek mehdinin g\u00f6revini yerine getirdi\u011fini d\u00fc\u015f\u00fcnmektedir. Film \u0130ran\u2019a kar\u015f\u0131 verdi\u011fi sava\u015fta ba\u015far\u0131l\u0131 oldu mu bilemeyiz ama hem s\u00fcr\u00fckleyici olmas\u0131 hem de gerim gerim germesiyle izleyicilerin g\u00f6nl\u00fcn\u00fc fethetti\u011fi kesin (1 saat 58 dakika).\u00a0<\/p>\r\n<hr class=\"wp-block-separator is-style-wide\" \/>\r\n\r\n\r\n<p><strong>Bak ya da G\u00f6r:<\/strong> <strong>Pandora \/ Odilon Redon\u00a0<\/strong><\/p>\r\n<p><img decoding=\"async\" src=\"https:\/\/lh4.googleusercontent.com\/OMfCjn0tKwf1lZAypabFu2LjYksPnhADwlNkpmyuoJUfJHRlohrF4fRBsXySey1hGKrhiwec2GhrNR11toFDK9bSWhOiNl6N0ODATRBtDtz4sCFBpYgWTOJg8Rx1lay3uxhtrAnSDtrw9MJtLFU83to\" alt=\"\" \/><\/p>\r\n\r\n\r\n\r\n<p>Yazar\u0131n ad\u0131 aslen Bertnard-Jean Redon\u2019dur. Fransa\u2019n\u0131n Bordo \u015fehrinde do\u011fmu\u015f sembolist bir yazard\u0131r kendisi. Odilon ad\u0131n\u0131 annesi Odile\u2019den al\u0131p de\u011fi\u015ftirmi\u015ftir. K\u00fc\u00e7\u00fck ya\u015ftan itibaren resime ilgi g\u00f6stermesine ra\u011fmen aile bask\u0131s\u0131ndan dolay\u0131 ne ressam olabilmi\u015ftir ne de s\u00f6ylendi\u011fi gibi bir mimar olmay\u0131 ba\u015farabilmi\u015ftir. Evine d\u00f6nd\u00fc\u011f\u00fcnde resimden vazge\u00e7meyen Redon; heykellerle, ta\u015f bask\u0131yla ve grav\u00fcrle fazlas\u0131yla u\u011fra\u015fsa da sava\u015fa kat\u0131lmas\u0131yla sanat hayat\u0131 yar\u0131da kalm\u0131\u015ft\u0131r. \u201cSular\u0131n Koruyucu Ruhu\u201d adl\u0131 bir ba\u015fyap\u0131t yap\u0131p camiaya sonunda ad\u0131m atabilse de 1884\u2019e\u00a0 kadar gizli sakl\u0131 kal\u0131r. Sonunda zaman\u0131n pop\u00fcler kitaplar\u0131ndan birinde ad\u0131 portrelerinden bahsedilir ve su y\u00fcz\u00fcne \u00e7\u0131kar. Pandora, D\u00fcnya\u2019ya insanlarla ya\u015famak i\u00e7in indirilmi\u015f g\u00fczeller g\u00fczeli bir kad\u0131nd\u0131r. Tablodaki \u00e7\u0131plakl\u0131\u011f\u0131 da onun g\u00fczelli\u011fini ve masumiyetini temsil eder. B\u00fct\u00fcn masumiyetine ra\u011fmen Tanr\u0131lar\u0131n asla a\u00e7mamas\u0131n\u0131 s\u00f6yledi\u011fi k\u00f6t\u00fcl\u00fcklerle dolu kutuyu a\u00e7ar ve insanl\u0131\u011f\u0131n alt\u0131n \u00e7a\u011f\u0131na son vermi\u015f olur. Tabii bu kutudan d\u00fcnyay\u0131\u00a0 ayd\u0131nlatacak bir \u015fey daha \u00e7\u0131kacakt\u0131r: umut. Resmin bu kadar renkli olmas\u0131 da bu fig\u00fcr\u00fcn \u00e7\u0131k\u0131\u015f\u0131ndan dolay\u0131d\u0131r.\u00a0\u00a0<\/p>\r\n\r\n\r\n\r\n<p>Yazar: Eyl\u00fcl \u00c7elik<\/p>\r\n\r\n\r\n","protected":false},"excerpt":{"rendered":"<p>Sonbahar\u0131n ilk ay\u0131, bereket ay\u0131, Eyl\u00fcl\u2019e girerken yeni yazar\u0131n\u0131zla tan\u0131\u015ft\u0131\u011f\u0131n\u0131z\u0131 s\u00f6ylemekten b\u00fcy\u00fck onur duyuyorum. Bu ay benim i\u00e7in [&hellip;]<\/p>\n","protected":false},"author":82,"featured_media":4764,"comment_status":"open","ping_status":"open","sticky":false,"template":"","format":"standard","meta":{"footnotes":""},"categories":[2,8,7,6],"tags":[],"yoast_head":"<!-- This site is optimized with the Yoast SEO plugin v21.0 - https:\/\/yoast.com\/wordpress\/plugins\/seo\/ -->\n<title>Eyl\u00fcl Ay\u0131 \u00d6nerileri | Ak\u0131l Defterim<\/title>\n<meta name=\"description\" content=\"Psikoloji \u00f6\u011frencilerinin kaleminden yaz\u0131lar.\" \/>\n<meta name=\"robots\" content=\"index, follow, max-snippet:-1, max-image-preview:large, max-video-preview:-1\" \/>\n<link rel=\"canonical\" href=\"http:\/\/www.tpocg.org\/blog\/ayin-onerileri-2\" \/>\n<meta property=\"og:locale\" content=\"tr_TR\" \/>\n<meta property=\"og:type\" content=\"article\" \/>\n<meta property=\"og:title\" content=\"Eyl\u00fcl Ay\u0131 \u00d6nerileri | Ak\u0131l Defterim\" \/>\n<meta property=\"og:description\" content=\"Psikoloji \u00f6\u011frencilerinin kaleminden yaz\u0131lar.\" \/>\n<meta property=\"og:url\" content=\"http:\/\/www.tpocg.org\/blog\/ayin-onerileri-2\" \/>\n<meta property=\"og:site_name\" content=\"Ak\u0131l Defterim\" \/>\n<meta property=\"article:publisher\" content=\"https:\/\/www.facebook.com\/tpocg\" \/>\n<meta property=\"article:published_time\" content=\"2023-09-16T16:00:00+00:00\" \/>\n<meta property=\"article:modified_time\" content=\"2023-09-23T09:00:48+00:00\" \/>\n<meta property=\"og:image\" content=\"http:\/\/www.tpocg.org\/blog\/wp-content\/uploads\/2023\/09\/WhatsApp-Image-2023-09-16-at-20.47.29.jpeg\" \/>\n\t<meta property=\"og:image:width\" content=\"1080\" \/>\n\t<meta property=\"og:image:height\" content=\"1260\" \/>\n\t<meta property=\"og:image:type\" content=\"image\/jpeg\" \/>\n<meta name=\"author\" content=\"Eylul Celik\" \/>\n<meta name=\"twitter:card\" content=\"summary_large_image\" \/>\n<meta name=\"twitter:creator\" content=\"@tpocg\" \/>\n<meta name=\"twitter:site\" content=\"@tpocg\" \/>\n<meta name=\"twitter:label1\" content=\"Yazan:\" \/>\n\t<meta name=\"twitter:data1\" content=\"Eylul Celik\" \/>\n\t<meta name=\"twitter:label2\" content=\"Tahmini okuma s\u00fcresi\" \/>\n\t<meta name=\"twitter:data2\" content=\"4 dakika\" \/>\n<script type=\"application\/ld+json\" class=\"yoast-schema-graph\">{\"@context\":\"https:\/\/schema.org\",\"@graph\":[{\"@type\":\"Article\",\"@id\":\"http:\/\/www.tpocg.org\/blog\/ayin-onerileri-2#article\",\"isPartOf\":{\"@id\":\"http:\/\/www.tpocg.org\/blog\/ayin-onerileri-2\"},\"author\":{\"name\":\"Eylul Celik\",\"@id\":\"http:\/\/www.tpocg.org\/blog\/#\/schema\/person\/b47bcb9ceb1ebf1f028c4eaed8fc0d16\"},\"headline\":\"Eyl\u00fcl Ay\u0131 \u00d6nerileri\",\"datePublished\":\"2023-09-16T16:00:00+00:00\",\"dateModified\":\"2023-09-23T09:00:48+00:00\",\"mainEntityOfPage\":{\"@id\":\"http:\/\/www.tpocg.org\/blog\/ayin-onerileri-2\"},\"wordCount\":700,\"commentCount\":0,\"publisher\":{\"@id\":\"http:\/\/www.tpocg.org\/blog\/#organization\"},\"articleSection\":[\"Blog\",\"E\u011flence K\u00f6\u015fesi\",\"Filmler\",\"Kitaplar\"],\"inLanguage\":\"tr\",\"potentialAction\":[{\"@type\":\"CommentAction\",\"name\":\"Comment\",\"target\":[\"http:\/\/www.tpocg.org\/blog\/ayin-onerileri-2#respond\"]}]},{\"@type\":\"WebPage\",\"@id\":\"http:\/\/www.tpocg.org\/blog\/ayin-onerileri-2\",\"url\":\"http:\/\/www.tpocg.org\/blog\/ayin-onerileri-2\",\"name\":\"Eyl\u00fcl Ay\u0131 \u00d6nerileri | Ak\u0131l Defterim\",\"isPartOf\":{\"@id\":\"http:\/\/www.tpocg.org\/blog\/#website\"},\"datePublished\":\"2023-09-16T16:00:00+00:00\",\"dateModified\":\"2023-09-23T09:00:48+00:00\",\"description\":\"Psikoloji \u00f6\u011frencilerinin kaleminden yaz\u0131lar.\",\"breadcrumb\":{\"@id\":\"http:\/\/www.tpocg.org\/blog\/ayin-onerileri-2#breadcrumb\"},\"inLanguage\":\"tr\",\"potentialAction\":[{\"@type\":\"ReadAction\",\"target\":[\"http:\/\/www.tpocg.org\/blog\/ayin-onerileri-2\"]}]},{\"@type\":\"BreadcrumbList\",\"@id\":\"http:\/\/www.tpocg.org\/blog\/ayin-onerileri-2#breadcrumb\",\"itemListElement\":[{\"@type\":\"ListItem\",\"position\":1,\"name\":\"Ana sayfa\",\"item\":\"http:\/\/www.tpocg.org\/blog\"},{\"@type\":\"ListItem\",\"position\":2,\"name\":\"Eyl\u00fcl Ay\u0131 \u00d6nerileri\"}]},{\"@type\":\"WebSite\",\"@id\":\"http:\/\/www.tpocg.org\/blog\/#website\",\"url\":\"http:\/\/www.tpocg.org\/blog\/\",\"name\":\"Ak\u0131l Defterim\",\"description\":\"Psikoloji \u00d6\u011frencilerinden Yaz\u0131lar\",\"publisher\":{\"@id\":\"http:\/\/www.tpocg.org\/blog\/#organization\"},\"potentialAction\":[{\"@type\":\"SearchAction\",\"target\":{\"@type\":\"EntryPoint\",\"urlTemplate\":\"http:\/\/www.tpocg.org\/blog\/?s={search_term_string}\"},\"query-input\":\"required name=search_term_string\"}],\"inLanguage\":\"tr\"},{\"@type\":\"Organization\",\"@id\":\"http:\/\/www.tpocg.org\/blog\/#organization\",\"name\":\"TP\u00d6\u00c7G\",\"url\":\"http:\/\/www.tpocg.org\/blog\/\",\"logo\":{\"@type\":\"ImageObject\",\"inLanguage\":\"tr\",\"@id\":\"http:\/\/www.tpocg.org\/blog\/#\/schema\/logo\/image\/\",\"url\":\"http:\/\/www.tpocg.org\/blog\/wp-content\/uploads\/2016\/03\/fav.jpg\",\"contentUrl\":\"http:\/\/www.tpocg.org\/blog\/wp-content\/uploads\/2016\/03\/fav.jpg\",\"width\":72,\"height\":72,\"caption\":\"TP\u00d6\u00c7G\"},\"image\":{\"@id\":\"http:\/\/www.tpocg.org\/blog\/#\/schema\/logo\/image\/\"},\"sameAs\":[\"https:\/\/www.facebook.com\/tpocg\",\"https:\/\/twitter.com\/tpocg\",\"https:\/\/www.instagram.com\/tpocg\",\"https:\/\/www.youtube.com\/user\/TPOCG\"]},{\"@type\":\"Person\",\"@id\":\"http:\/\/www.tpocg.org\/blog\/#\/schema\/person\/b47bcb9ceb1ebf1f028c4eaed8fc0d16\",\"name\":\"Eylul Celik\",\"image\":{\"@type\":\"ImageObject\",\"inLanguage\":\"tr\",\"@id\":\"http:\/\/www.tpocg.org\/blog\/#\/schema\/person\/image\/\",\"url\":\"http:\/\/2.gravatar.com\/avatar\/5cc46aaedf2bce765606317ea15f4ad9?s=96&d=mm&r=g\",\"contentUrl\":\"http:\/\/2.gravatar.com\/avatar\/5cc46aaedf2bce765606317ea15f4ad9?s=96&d=mm&r=g\",\"caption\":\"Eylul Celik\"},\"url\":\"http:\/\/www.tpocg.org\/blog\/author\/eylul\"}]}<\/script>\n<!-- \/ Yoast SEO plugin. -->","yoast_head_json":{"title":"Eyl\u00fcl Ay\u0131 \u00d6nerileri | Ak\u0131l Defterim","description":"Psikoloji \u00f6\u011frencilerinin kaleminden yaz\u0131lar.","robots":{"index":"index","follow":"follow","max-snippet":"max-snippet:-1","max-image-preview":"max-image-preview:large","max-video-preview":"max-video-preview:-1"},"canonical":"http:\/\/www.tpocg.org\/blog\/ayin-onerileri-2","og_locale":"tr_TR","og_type":"article","og_title":"Eyl\u00fcl Ay\u0131 \u00d6nerileri | Ak\u0131l Defterim","og_description":"Psikoloji \u00f6\u011frencilerinin kaleminden yaz\u0131lar.","og_url":"http:\/\/www.tpocg.org\/blog\/ayin-onerileri-2","og_site_name":"Ak\u0131l Defterim","article_publisher":"https:\/\/www.facebook.com\/tpocg","article_published_time":"2023-09-16T16:00:00+00:00","article_modified_time":"2023-09-23T09:00:48+00:00","og_image":[{"width":1080,"height":1260,"url":"http:\/\/www.tpocg.org\/blog\/wp-content\/uploads\/2023\/09\/WhatsApp-Image-2023-09-16-at-20.47.29.jpeg","type":"image\/jpeg"}],"author":"Eylul Celik","twitter_card":"summary_large_image","twitter_creator":"@tpocg","twitter_site":"@tpocg","twitter_misc":{"Yazan:":"Eylul Celik","Tahmini okuma s\u00fcresi":"4 dakika"},"schema":{"@context":"https:\/\/schema.org","@graph":[{"@type":"Article","@id":"http:\/\/www.tpocg.org\/blog\/ayin-onerileri-2#article","isPartOf":{"@id":"http:\/\/www.tpocg.org\/blog\/ayin-onerileri-2"},"author":{"name":"Eylul Celik","@id":"http:\/\/www.tpocg.org\/blog\/#\/schema\/person\/b47bcb9ceb1ebf1f028c4eaed8fc0d16"},"headline":"Eyl\u00fcl Ay\u0131 \u00d6nerileri","datePublished":"2023-09-16T16:00:00+00:00","dateModified":"2023-09-23T09:00:48+00:00","mainEntityOfPage":{"@id":"http:\/\/www.tpocg.org\/blog\/ayin-onerileri-2"},"wordCount":700,"commentCount":0,"publisher":{"@id":"http:\/\/www.tpocg.org\/blog\/#organization"},"articleSection":["Blog","E\u011flence K\u00f6\u015fesi","Filmler","Kitaplar"],"inLanguage":"tr","potentialAction":[{"@type":"CommentAction","name":"Comment","target":["http:\/\/www.tpocg.org\/blog\/ayin-onerileri-2#respond"]}]},{"@type":"WebPage","@id":"http:\/\/www.tpocg.org\/blog\/ayin-onerileri-2","url":"http:\/\/www.tpocg.org\/blog\/ayin-onerileri-2","name":"Eyl\u00fcl Ay\u0131 \u00d6nerileri | Ak\u0131l Defterim","isPartOf":{"@id":"http:\/\/www.tpocg.org\/blog\/#website"},"datePublished":"2023-09-16T16:00:00+00:00","dateModified":"2023-09-23T09:00:48+00:00","description":"Psikoloji \u00f6\u011frencilerinin kaleminden yaz\u0131lar.","breadcrumb":{"@id":"http:\/\/www.tpocg.org\/blog\/ayin-onerileri-2#breadcrumb"},"inLanguage":"tr","potentialAction":[{"@type":"ReadAction","target":["http:\/\/www.tpocg.org\/blog\/ayin-onerileri-2"]}]},{"@type":"BreadcrumbList","@id":"http:\/\/www.tpocg.org\/blog\/ayin-onerileri-2#breadcrumb","itemListElement":[{"@type":"ListItem","position":1,"name":"Ana sayfa","item":"http:\/\/www.tpocg.org\/blog"},{"@type":"ListItem","position":2,"name":"Eyl\u00fcl Ay\u0131 \u00d6nerileri"}]},{"@type":"WebSite","@id":"http:\/\/www.tpocg.org\/blog\/#website","url":"http:\/\/www.tpocg.org\/blog\/","name":"Ak\u0131l Defterim","description":"Psikoloji \u00d6\u011frencilerinden Yaz\u0131lar","publisher":{"@id":"http:\/\/www.tpocg.org\/blog\/#organization"},"potentialAction":[{"@type":"SearchAction","target":{"@type":"EntryPoint","urlTemplate":"http:\/\/www.tpocg.org\/blog\/?s={search_term_string}"},"query-input":"required name=search_term_string"}],"inLanguage":"tr"},{"@type":"Organization","@id":"http:\/\/www.tpocg.org\/blog\/#organization","name":"TP\u00d6\u00c7G","url":"http:\/\/www.tpocg.org\/blog\/","logo":{"@type":"ImageObject","inLanguage":"tr","@id":"http:\/\/www.tpocg.org\/blog\/#\/schema\/logo\/image\/","url":"http:\/\/www.tpocg.org\/blog\/wp-content\/uploads\/2016\/03\/fav.jpg","contentUrl":"http:\/\/www.tpocg.org\/blog\/wp-content\/uploads\/2016\/03\/fav.jpg","width":72,"height":72,"caption":"TP\u00d6\u00c7G"},"image":{"@id":"http:\/\/www.tpocg.org\/blog\/#\/schema\/logo\/image\/"},"sameAs":["https:\/\/www.facebook.com\/tpocg","https:\/\/twitter.com\/tpocg","https:\/\/www.instagram.com\/tpocg","https:\/\/www.youtube.com\/user\/TPOCG"]},{"@type":"Person","@id":"http:\/\/www.tpocg.org\/blog\/#\/schema\/person\/b47bcb9ceb1ebf1f028c4eaed8fc0d16","name":"Eylul Celik","image":{"@type":"ImageObject","inLanguage":"tr","@id":"http:\/\/www.tpocg.org\/blog\/#\/schema\/person\/image\/","url":"http:\/\/2.gravatar.com\/avatar\/5cc46aaedf2bce765606317ea15f4ad9?s=96&d=mm&r=g","contentUrl":"http:\/\/2.gravatar.com\/avatar\/5cc46aaedf2bce765606317ea15f4ad9?s=96&d=mm&r=g","caption":"Eylul Celik"},"url":"http:\/\/www.tpocg.org\/blog\/author\/eylul"}]}},"_links":{"self":[{"href":"http:\/\/www.tpocg.org\/blog\/wp-json\/wp\/v2\/posts\/4762"}],"collection":[{"href":"http:\/\/www.tpocg.org\/blog\/wp-json\/wp\/v2\/posts"}],"about":[{"href":"http:\/\/www.tpocg.org\/blog\/wp-json\/wp\/v2\/types\/post"}],"author":[{"embeddable":true,"href":"http:\/\/www.tpocg.org\/blog\/wp-json\/wp\/v2\/users\/82"}],"replies":[{"embeddable":true,"href":"http:\/\/www.tpocg.org\/blog\/wp-json\/wp\/v2\/comments?post=4762"}],"version-history":[{"count":6,"href":"http:\/\/www.tpocg.org\/blog\/wp-json\/wp\/v2\/posts\/4762\/revisions"}],"predecessor-version":[{"id":4794,"href":"http:\/\/www.tpocg.org\/blog\/wp-json\/wp\/v2\/posts\/4762\/revisions\/4794"}],"wp:featuredmedia":[{"embeddable":true,"href":"http:\/\/www.tpocg.org\/blog\/wp-json\/wp\/v2\/media\/4764"}],"wp:attachment":[{"href":"http:\/\/www.tpocg.org\/blog\/wp-json\/wp\/v2\/media?parent=4762"}],"wp:term":[{"taxonomy":"category","embeddable":true,"href":"http:\/\/www.tpocg.org\/blog\/wp-json\/wp\/v2\/categories?post=4762"},{"taxonomy":"post_tag","embeddable":true,"href":"http:\/\/www.tpocg.org\/blog\/wp-json\/wp\/v2\/tags?post=4762"}],"curies":[{"name":"wp","href":"https:\/\/api.w.org\/{rel}","templated":true}]}}