{"id":4757,"date":"2023-09-14T19:00:00","date_gmt":"2023-09-14T16:00:00","guid":{"rendered":"https:\/\/www.tpocg.org\/blog\/?p=4757"},"modified":"2023-09-14T09:31:10","modified_gmt":"2023-09-14T06:31:10","slug":"gecenin-sakli-yani","status":"publish","type":"post","link":"http:\/\/www.tpocg.org\/blog\/gecenin-sakli-yani","title":{"rendered":"Gecenin Sakl\u0131 Yan\u0131"},"content":{"rendered":"\n<p><em>(Bu yaz\u0131n\u0131n okunmas\u0131 yakla\u015f\u0131k olarak 4 dakika s\u00fcrmektedir.)<\/em><\/p>\n\n\n\n<p>Aylardan bir eyl\u00fcl ak\u015fam\u0131, saat yaln\u0131zl\u0131\u011f\u0131 be\u015f ge\u00e7iyor. Bir deli \u00f6fkeyle asfalt\u0131 d\u00f6ven ya\u011fmur taneleri, sessizli\u011fi delip ge\u00e7iyor. H\u0131rpalad\u0131k\u00e7a h\u0131rpal\u0131yor r\u00fczgar, a\u011fa\u00e7taki her bir yapra\u011f\u0131. Savrula savrula ba\u015fl\u0131yor, do\u011fan\u0131n h\u0131r\u00e7\u0131n de\u011fi\u015fimi. Bense t\u00fcm bu de\u011fi\u015fime s\u00fckunetle tan\u0131k olan, gecenin \u0131ss\u0131z ve \u00fcrpertici karanl\u0131\u011f\u0131na \u0131\u015f\u0131k tutan bir sokak lambas\u0131y\u0131m. Ne zaman de\u011fi\u015fse mevsim, nisan s\u0131ca\u011f\u0131ndan eyl\u00fcl serinli\u011fine evrilse, yaln\u0131zl\u0131k \u00e7anlar\u0131 \u00e7almaya ba\u015flar bizim i\u00e7in. \u0130nsanlar\u0131n bitmek bilmeyen kayg\u0131lar\u0131 ba\u015flam\u0131\u015ft\u0131r art\u0131k: k\u0131\u015f haz\u0131rl\u0131\u011f\u0131, okul tela\u015f\u0131\u2026 Bir iki ay sonra hava \u00e7etinle\u015fecek; ayaz bir \u00f6rt\u00fc gibi t\u00fcm \u015fehri sarmalayacak ve ben yine insana hasret, aralayaca\u011f\u0131m karanl\u0131k denen s\u0131r perdesini. Sahi ka\u00e7 s\u0131rra tan\u0131k olmu\u015f ka\u00e7 g\u00f6zya\u015f\u0131n\u0131 ayd\u0131nlatm\u0131\u015f\u0131md\u0131r? Hi\u00e7 fark edilmemi\u015f olman\u0131n h\u00fczn\u00fc, uzun bir s\u00fcre daha fark edilmeyecek olman\u0131n buruklu\u011fuyla \u00e2henkli bir dansa koyuluyor gecenin koynunda\u2026<\/p>\n\n\n\n<p>Ne zaman sonbahar \u00e7alsa kap\u0131y\u0131 sanki canl\u0131ym\u0131\u015f\u0131m gibi h\u00fcz\u00fcn r\u00fczgarlar\u0131 kapl\u0131yor etraf\u0131m\u0131. Bir sokak lambas\u0131 i\u00e7in fazla hassas olman\u0131n abs\u00fcrtl\u00fc\u011f\u00fcyle k\u0131vr\u0131l\u0131yor \u0131\u015f\u0131\u011f\u0131m. San\u0131r\u0131m s\u00f6necek ayd\u0131nl\u0131\u011f\u0131m, elektrik tellerinde ar\u0131za olmal\u0131.Ve i\u015fte ba\u015flad\u0131 karanl\u0131k; soka\u011f\u0131 kaplayan, gecenin ve ya\u011fmurun g\u00fcc\u00fc elinde toplad\u0131\u011f\u0131 uzun, zifiri bir karanl\u0131k.&nbsp;<\/p>\n\n\n\n<p>Yaln\u0131zca karanl\u0131kta can bulan bir sokak lambas\u0131 olan ben, bu gece yaln\u0131zl\u0131\u011f\u0131ma yaln\u0131zl\u0131k kat\u0131yorum. \u0130\u00e7imde birden parlayan h\u0131rs dalgas\u0131, saati tekrar merak etmeme neden oluyor; madem s\u00f6nd\u00fc \u0131\u015f\u0131\u011f\u0131m, karanl\u0131\u011fa teslim olmamal\u0131 sokak! Karanl\u0131kta \u00f6nem kazansa da varl\u0131\u011f\u0131m, karanl\u0131\u011fa d\u00fc\u015fman asili\u011fim. G\u00fcne\u015f do\u011fmal\u0131 ve hayat akmal\u0131; ben ayd\u0131nlatmasam bile etraf\u0131, hissetmeliyim ya\u015fam\u0131 her zerremde. Bir el dokunmal\u0131 g\u00f6vdeme, bir teyze tutunarak soluklanmal\u0131 yamac\u0131mda. Karanl\u0131k bitmeli, ayd\u0131nl\u0131k yay\u0131lmal\u0131 ve g\u00fcne\u015f do\u011fmal\u0131 d\u00f6rt bir yana. Bir ses b\u00f6l\u00fcyor d\u00fc\u015f\u00fcncelerimi, benden biraz \u00f6tede ya\u015fayan kom\u015fum sokak lambas\u0131 sesiyle aral\u0131yor suskunluk perdesini. Bir soru y\u00f6neltiyor t\u00fcm i\u00e7tenli\u011fiyle:<\/p>\n\n\n\n<ul>\n<li>Hepimiz gibi saati merak ediyorsun de\u011fil mi sen de, tek beklentin bu karanl\u0131\u011f\u0131n bir \u00e2n evvel bitmesi?&nbsp;<\/li>\n<\/ul>\n\n\n\n<p>Benim gibi d\u00fc\u015f\u00fcn\u00fcyor olmas\u0131n\u0131n verdi\u011fi co\u015fkuyla:<\/p>\n\n\n\n<ul>\n<li>Evet, evet nerden bildin? Hepimiz dedin, di\u011fer sokak lambalar\u0131 da benim gibi mi d\u00fc\u015f\u00fcn\u00fcyor? Siz de mi sevmiyorsunuz karanl\u0131\u011f\u0131, yoksa sizde mi a\u015f\u0131ks\u0131n\u0131z g\u00fcne\u015fe?<\/li>\n<\/ul>\n\n\n\n<p>Ah nas\u0131l da fark etmeden s\u00f6yledim, acaba dalga ge\u00e7er mi benimle? G\u00fcne\u015fe a\u015f\u0131k bir sokak lambas\u0131! Ah nas\u0131l da bo\u015f bulundum. D\u00fc\u015f\u00fcncelerimin y\u00fck\u00fc hafifmi\u015f\u00e7esine yeni bir a\u011f\u0131rl\u0131k daha y\u00fcklemi\u015ftim \u015fimdi. Kendime kar\u015f\u0131 inan\u0131lmaz bir hayal k\u0131r\u0131kl\u0131\u011f\u0131 hissediyordum, ben b\u00f6yle d\u00fc\u015f\u00fcnmeye koyulmu\u015fken yeniden s\u00f6ze ba\u015flad\u0131,<\/p>\n\n\n\n<ul>\n<li>G\u00fcne\u015fe a\u015f\u0131k m\u0131y\u0131z, bilmiyorum. Varolu\u015f amac\u0131m\u0131z karanl\u0131\u011f\u0131 y\u0131rt\u0131p ayd\u0131nl\u0131\u011f\u0131m\u0131zla geceyi par\u00e7alamakken ona ilgi duymam\u0131z beklenemezdi. G\u00fcne\u015fe a\u015f\u0131k m\u0131y\u0131z bilmiyorum ama karanl\u0131kla kavgal\u0131 oldu\u011fumuz kesin. \u0130\u00e7ini kaplayan h\u00fcz\u00fcn ne eyl\u00fclden ne de ya\u011fmurdan, i\u015fin asl\u0131 karanl\u0131ktan.&nbsp;<\/li>\n<\/ul>\n\n\n\n<ul>\n<li>Peki, peki ama ne zaman do\u011facak g\u00fcne\u015f ya da ne zaman tekrar ge\u00e7ecek elektrik ak\u0131m\u0131 damarlar\u0131m\u0131zdan?&nbsp;<\/li>\n<\/ul>\n\n\n\n<p>Sustu. Karanl\u0131ktan se\u00e7emesem de g\u00fcl\u00fcmsedi\u011fini hissediyordum.<\/p>\n\n\n\n<ul>\n<li>Bo\u015f ver. G\u00fcne\u015f elbet do\u011facak, elektrik ak\u0131m\u0131 tekrar gelecek ve biz tekrar b\u00f6lece\u011fiz geceyi ama \u015fimdi d\u00fc\u015f\u00fcnme, bo\u015f ver. Saat \u015fu an ka\u00e7 biliyor musun? Saat karanl\u0131\u011f\u0131 be\u015f ge\u00e7iyor ve biz \u015fu an karanl\u0131\u011f\u0131 b\u00fct\u00fcn benli\u011fimizle hissetmeliyiz ki yar\u0131nki ayd\u0131nl\u0131\u011f\u0131m\u0131z her zamankinden daha g\u00fc\u00e7l\u00fc, daha parlak olsun. Bu karanl\u0131\u011f\u0131, h\u00fcz\u00fcn sebebi olarak de\u011fil de varolu\u015f g\u00e2yeni hat\u0131rlatan bir hat\u0131rlat\u0131c\u0131 olarak g\u00f6r. Bunu ba\u015fard\u0131\u011f\u0131nda karanl\u0131k can\u0131n\u0131 yakan bir h\u00fcz\u00fcn yuvas\u0131 olmaktan \u00e7\u0131k\u0131p inad\u0131na daha ayd\u0131nl\u0131k olman\u0131 sa\u011flayacak en g\u00fc\u00e7l\u00fc \u00f6\u011fretmenin olacak.<\/li>\n<\/ul>\n\n\n\n<p>D\u00fc\u015f\u00fcnd\u00fcm, hakl\u0131yd\u0131. Korkutan ve yara a\u00e7an her \u015fey, ona y\u00fckledi\u011fin anlam oran\u0131nda g\u00fc\u00e7 kazan\u0131yor ve her \u00e2n y\u00fcre\u011finde ta\u015f\u0131d\u0131k\u00e7a kabusun olmaya ba\u015fl\u0131yordu ve ben kom\u015fum sayesinde korkmaktan, dilemekten, \u00fcz\u00fclmekten fazlas\u0131n\u0131 yapabilece\u011fimi hat\u0131rlam\u0131\u015ft\u0131m. Bunu fark etmi\u015f olmak; i\u00e7imdeki o buruk yaln\u0131zl\u0131k h\u00fczn\u00fcn\u00fcn yerini g\u00fcce b\u0131rakmas\u0131n\u0131 sa\u011flam\u0131\u015ft\u0131 \u00e7\u00fcnk\u00fc ben geceyi kaplayan karanl\u0131ktan daha g\u00fc\u00e7l\u00fcyd\u00fcm.&nbsp;<\/p>\n\n\n\n<p>Ey dipsizmi\u015f\u00e7esine g\u00f6r\u00fcnen, hoyrat\u00e7a ayd\u0131nl\u0131\u011f\u0131 b\u00f6len \u00e2si ve bir o kadar sevgili karanl\u0131k, bu gece sen kazanm\u0131\u015f olabilirsin ama bu ne birka\u00e7 saat sonra do\u011facak olan g\u00fcne\u015fi engelleyecek ne de yar\u0131n ak\u015fam seni \u0131\u015f\u0131\u011f\u0131m\u0131zla aralayacak olan bizi. Bunun huzuruyla yumuyorum g\u00f6zlerimi \u00e7\u00fcnk\u00fc hat\u0131rlad\u0131m ki hi\u00e7bir karanl\u0131k baki de\u011fildir, seninki bile.<\/p>\n\n\n\n<p>&nbsp;&nbsp;&nbsp;&nbsp;&nbsp;&nbsp;&nbsp;&nbsp;&nbsp;&nbsp;&nbsp;&nbsp;&nbsp;&nbsp;&nbsp;&nbsp;&nbsp;&nbsp;&nbsp;&nbsp;&nbsp;&nbsp;&nbsp;&nbsp;&nbsp;&nbsp;&nbsp;&nbsp;&nbsp;&nbsp;&nbsp;&nbsp;&nbsp;&nbsp;&nbsp;&nbsp;&nbsp;&nbsp;&nbsp;&nbsp;&nbsp;&nbsp;&nbsp;&nbsp;&nbsp;&nbsp;&nbsp;&nbsp;&nbsp;&nbsp;&nbsp;&nbsp;&nbsp;&nbsp;&nbsp;&nbsp;&nbsp;&nbsp;&nbsp;&nbsp;&nbsp;&nbsp;&nbsp;&nbsp;&nbsp;&nbsp;&nbsp;&nbsp;&nbsp;&nbsp;&nbsp;&nbsp;&nbsp;&nbsp;&nbsp;&nbsp;&nbsp;&nbsp;&nbsp;&nbsp;&nbsp;&nbsp;&nbsp;&nbsp;&nbsp;&nbsp;&nbsp;&nbsp;&nbsp;&nbsp;&nbsp;&nbsp;&nbsp;&nbsp;&nbsp;&nbsp;&nbsp;&nbsp;&nbsp;&nbsp;&nbsp;&nbsp;&nbsp;Yazar: \u0130rem Toky\u00fcrek&nbsp;&nbsp;<\/p>\n\n\n\n<p>&nbsp;&nbsp;&nbsp;&nbsp;&nbsp;&nbsp;&nbsp;&nbsp;&nbsp;&nbsp;&nbsp;&nbsp;&nbsp;&nbsp;&nbsp;&nbsp;&nbsp;&nbsp;&nbsp;&nbsp;&nbsp;&nbsp;&nbsp;&nbsp;&nbsp;&nbsp;&nbsp;&nbsp;&nbsp;&nbsp;&nbsp;&nbsp;&nbsp;&nbsp;&nbsp;&nbsp;&nbsp;&nbsp;&nbsp;&nbsp;&nbsp;&nbsp;&nbsp;&nbsp;&nbsp;&nbsp;&nbsp;&nbsp;&nbsp;&nbsp;&nbsp;&nbsp;&nbsp;&nbsp;&nbsp;&nbsp;&nbsp;&nbsp;&nbsp;&nbsp;&nbsp;&nbsp;&nbsp;&nbsp;&nbsp;&nbsp;&nbsp;&nbsp;&nbsp;&nbsp;&nbsp;&nbsp;&nbsp;&nbsp;&nbsp;&nbsp;&nbsp;&nbsp;&nbsp;&nbsp;&nbsp;&nbsp;&nbsp;G\u00f6rsel Kaynak: https:\/\/dream.ai\/create<\/p>\n","protected":false},"excerpt":{"rendered":"<p>G\u00fcne\u015f do\u011fmal\u0131 ve hayat akmal\u0131; ben ayd\u0131nlatmasam bile etraf\u0131, hissetmeliyim ya\u015fam\u0131 her zerremde. <\/p>\n","protected":false},"author":81,"featured_media":4758,"comment_status":"open","ping_status":"open","sticky":false,"template":"","format":"standard","meta":{"footnotes":""},"categories":[2,4,1],"tags":[],"yoast_head":"<!-- This site is optimized with the Yoast SEO plugin v21.0 - https:\/\/yoast.com\/wordpress\/plugins\/seo\/ -->\n<title>Gecenin Sakl\u0131 Yan\u0131 | Ak\u0131l Defterim<\/title>\n<meta name=\"description\" content=\"Psikoloji \u00f6\u011frencilerinin kaleminden yaz\u0131lar.\" \/>\n<meta name=\"robots\" content=\"index, follow, max-snippet:-1, max-image-preview:large, max-video-preview:-1\" \/>\n<link rel=\"canonical\" href=\"http:\/\/www.tpocg.org\/blog\/gecenin-sakli-yani\" \/>\n<meta property=\"og:locale\" content=\"tr_TR\" \/>\n<meta property=\"og:type\" content=\"article\" \/>\n<meta property=\"og:title\" content=\"Gecenin Sakl\u0131 Yan\u0131 | Ak\u0131l Defterim\" \/>\n<meta property=\"og:description\" content=\"Psikoloji \u00f6\u011frencilerinin kaleminden yaz\u0131lar.\" \/>\n<meta property=\"og:url\" content=\"http:\/\/www.tpocg.org\/blog\/gecenin-sakli-yani\" \/>\n<meta property=\"og:site_name\" content=\"Ak\u0131l Defterim\" \/>\n<meta property=\"article:publisher\" content=\"https:\/\/www.facebook.com\/tpocg\" \/>\n<meta property=\"article:published_time\" content=\"2023-09-14T16:00:00+00:00\" \/>\n<meta property=\"article:modified_time\" content=\"2023-09-14T06:31:10+00:00\" \/>\n<meta property=\"og:image\" content=\"http:\/\/www.tpocg.org\/blog\/wp-content\/uploads\/2023\/09\/Gecenin-Sakli-Yani-gorsel.jpg\" \/>\n\t<meta property=\"og:image:width\" content=\"960\" \/>\n\t<meta property=\"og:image:height\" content=\"1568\" \/>\n\t<meta property=\"og:image:type\" content=\"image\/jpeg\" \/>\n<meta name=\"author\" content=\"\u0130rem Toky\u00fcrek\" \/>\n<meta name=\"twitter:card\" content=\"summary_large_image\" \/>\n<meta name=\"twitter:creator\" content=\"@tpocg\" \/>\n<meta name=\"twitter:site\" content=\"@tpocg\" \/>\n<meta name=\"twitter:label1\" content=\"Yazan:\" \/>\n\t<meta name=\"twitter:data1\" content=\"\u0130rem Toky\u00fcrek\" \/>\n\t<meta name=\"twitter:label2\" content=\"Tahmini okuma s\u00fcresi\" \/>\n\t<meta name=\"twitter:data2\" content=\"4 dakika\" \/>\n<script type=\"application\/ld+json\" class=\"yoast-schema-graph\">{\"@context\":\"https:\/\/schema.org\",\"@graph\":[{\"@type\":\"Article\",\"@id\":\"http:\/\/www.tpocg.org\/blog\/gecenin-sakli-yani#article\",\"isPartOf\":{\"@id\":\"http:\/\/www.tpocg.org\/blog\/gecenin-sakli-yani\"},\"author\":{\"name\":\"\u0130rem Toky\u00fcrek\",\"@id\":\"http:\/\/www.tpocg.org\/blog\/#\/schema\/person\/8c97847ab5cd7a6d006e53378ae0dfe9\"},\"headline\":\"Gecenin Sakl\u0131 Yan\u0131\",\"datePublished\":\"2023-09-14T16:00:00+00:00\",\"dateModified\":\"2023-09-14T06:31:10+00:00\",\"mainEntityOfPage\":{\"@id\":\"http:\/\/www.tpocg.org\/blog\/gecenin-sakli-yani\"},\"wordCount\":1107,\"commentCount\":0,\"publisher\":{\"@id\":\"http:\/\/www.tpocg.org\/blog\/#organization\"},\"articleSection\":[\"Blog\",\"Denemeler\"],\"inLanguage\":\"tr\",\"potentialAction\":[{\"@type\":\"CommentAction\",\"name\":\"Comment\",\"target\":[\"http:\/\/www.tpocg.org\/blog\/gecenin-sakli-yani#respond\"]}]},{\"@type\":\"WebPage\",\"@id\":\"http:\/\/www.tpocg.org\/blog\/gecenin-sakli-yani\",\"url\":\"http:\/\/www.tpocg.org\/blog\/gecenin-sakli-yani\",\"name\":\"Gecenin Sakl\u0131 Yan\u0131 | Ak\u0131l Defterim\",\"isPartOf\":{\"@id\":\"http:\/\/www.tpocg.org\/blog\/#website\"},\"datePublished\":\"2023-09-14T16:00:00+00:00\",\"dateModified\":\"2023-09-14T06:31:10+00:00\",\"description\":\"Psikoloji \u00f6\u011frencilerinin kaleminden yaz\u0131lar.\",\"breadcrumb\":{\"@id\":\"http:\/\/www.tpocg.org\/blog\/gecenin-sakli-yani#breadcrumb\"},\"inLanguage\":\"tr\",\"potentialAction\":[{\"@type\":\"ReadAction\",\"target\":[\"http:\/\/www.tpocg.org\/blog\/gecenin-sakli-yani\"]}]},{\"@type\":\"BreadcrumbList\",\"@id\":\"http:\/\/www.tpocg.org\/blog\/gecenin-sakli-yani#breadcrumb\",\"itemListElement\":[{\"@type\":\"ListItem\",\"position\":1,\"name\":\"Ana sayfa\",\"item\":\"http:\/\/www.tpocg.org\/blog\"},{\"@type\":\"ListItem\",\"position\":2,\"name\":\"Gecenin Sakl\u0131 Yan\u0131\"}]},{\"@type\":\"WebSite\",\"@id\":\"http:\/\/www.tpocg.org\/blog\/#website\",\"url\":\"http:\/\/www.tpocg.org\/blog\/\",\"name\":\"Ak\u0131l Defterim\",\"description\":\"Psikoloji \u00d6\u011frencilerinden Yaz\u0131lar\",\"publisher\":{\"@id\":\"http:\/\/www.tpocg.org\/blog\/#organization\"},\"potentialAction\":[{\"@type\":\"SearchAction\",\"target\":{\"@type\":\"EntryPoint\",\"urlTemplate\":\"http:\/\/www.tpocg.org\/blog\/?s={search_term_string}\"},\"query-input\":\"required name=search_term_string\"}],\"inLanguage\":\"tr\"},{\"@type\":\"Organization\",\"@id\":\"http:\/\/www.tpocg.org\/blog\/#organization\",\"name\":\"TP\u00d6\u00c7G\",\"url\":\"http:\/\/www.tpocg.org\/blog\/\",\"logo\":{\"@type\":\"ImageObject\",\"inLanguage\":\"tr\",\"@id\":\"http:\/\/www.tpocg.org\/blog\/#\/schema\/logo\/image\/\",\"url\":\"http:\/\/www.tpocg.org\/blog\/wp-content\/uploads\/2016\/03\/fav.jpg\",\"contentUrl\":\"http:\/\/www.tpocg.org\/blog\/wp-content\/uploads\/2016\/03\/fav.jpg\",\"width\":72,\"height\":72,\"caption\":\"TP\u00d6\u00c7G\"},\"image\":{\"@id\":\"http:\/\/www.tpocg.org\/blog\/#\/schema\/logo\/image\/\"},\"sameAs\":[\"https:\/\/www.facebook.com\/tpocg\",\"https:\/\/twitter.com\/tpocg\",\"https:\/\/www.instagram.com\/tpocg\",\"https:\/\/www.youtube.com\/user\/TPOCG\"]},{\"@type\":\"Person\",\"@id\":\"http:\/\/www.tpocg.org\/blog\/#\/schema\/person\/8c97847ab5cd7a6d006e53378ae0dfe9\",\"name\":\"\u0130rem Toky\u00fcrek\",\"image\":{\"@type\":\"ImageObject\",\"inLanguage\":\"tr\",\"@id\":\"http:\/\/www.tpocg.org\/blog\/#\/schema\/person\/image\/\",\"url\":\"http:\/\/2.gravatar.com\/avatar\/5e9bf11378a738e736518694e1b871bb?s=96&d=mm&r=g\",\"contentUrl\":\"http:\/\/2.gravatar.com\/avatar\/5e9bf11378a738e736518694e1b871bb?s=96&d=mm&r=g\",\"caption\":\"\u0130rem Toky\u00fcrek\"},\"url\":\"http:\/\/www.tpocg.org\/blog\/author\/irem\"}]}<\/script>\n<!-- \/ Yoast SEO plugin. -->","yoast_head_json":{"title":"Gecenin Sakl\u0131 Yan\u0131 | Ak\u0131l Defterim","description":"Psikoloji \u00f6\u011frencilerinin kaleminden yaz\u0131lar.","robots":{"index":"index","follow":"follow","max-snippet":"max-snippet:-1","max-image-preview":"max-image-preview:large","max-video-preview":"max-video-preview:-1"},"canonical":"http:\/\/www.tpocg.org\/blog\/gecenin-sakli-yani","og_locale":"tr_TR","og_type":"article","og_title":"Gecenin Sakl\u0131 Yan\u0131 | Ak\u0131l Defterim","og_description":"Psikoloji \u00f6\u011frencilerinin kaleminden yaz\u0131lar.","og_url":"http:\/\/www.tpocg.org\/blog\/gecenin-sakli-yani","og_site_name":"Ak\u0131l Defterim","article_publisher":"https:\/\/www.facebook.com\/tpocg","article_published_time":"2023-09-14T16:00:00+00:00","article_modified_time":"2023-09-14T06:31:10+00:00","og_image":[{"width":960,"height":1568,"url":"http:\/\/www.tpocg.org\/blog\/wp-content\/uploads\/2023\/09\/Gecenin-Sakli-Yani-gorsel.jpg","type":"image\/jpeg"}],"author":"\u0130rem Toky\u00fcrek","twitter_card":"summary_large_image","twitter_creator":"@tpocg","twitter_site":"@tpocg","twitter_misc":{"Yazan:":"\u0130rem Toky\u00fcrek","Tahmini okuma s\u00fcresi":"4 dakika"},"schema":{"@context":"https:\/\/schema.org","@graph":[{"@type":"Article","@id":"http:\/\/www.tpocg.org\/blog\/gecenin-sakli-yani#article","isPartOf":{"@id":"http:\/\/www.tpocg.org\/blog\/gecenin-sakli-yani"},"author":{"name":"\u0130rem Toky\u00fcrek","@id":"http:\/\/www.tpocg.org\/blog\/#\/schema\/person\/8c97847ab5cd7a6d006e53378ae0dfe9"},"headline":"Gecenin Sakl\u0131 Yan\u0131","datePublished":"2023-09-14T16:00:00+00:00","dateModified":"2023-09-14T06:31:10+00:00","mainEntityOfPage":{"@id":"http:\/\/www.tpocg.org\/blog\/gecenin-sakli-yani"},"wordCount":1107,"commentCount":0,"publisher":{"@id":"http:\/\/www.tpocg.org\/blog\/#organization"},"articleSection":["Blog","Denemeler"],"inLanguage":"tr","potentialAction":[{"@type":"CommentAction","name":"Comment","target":["http:\/\/www.tpocg.org\/blog\/gecenin-sakli-yani#respond"]}]},{"@type":"WebPage","@id":"http:\/\/www.tpocg.org\/blog\/gecenin-sakli-yani","url":"http:\/\/www.tpocg.org\/blog\/gecenin-sakli-yani","name":"Gecenin Sakl\u0131 Yan\u0131 | Ak\u0131l Defterim","isPartOf":{"@id":"http:\/\/www.tpocg.org\/blog\/#website"},"datePublished":"2023-09-14T16:00:00+00:00","dateModified":"2023-09-14T06:31:10+00:00","description":"Psikoloji \u00f6\u011frencilerinin kaleminden yaz\u0131lar.","breadcrumb":{"@id":"http:\/\/www.tpocg.org\/blog\/gecenin-sakli-yani#breadcrumb"},"inLanguage":"tr","potentialAction":[{"@type":"ReadAction","target":["http:\/\/www.tpocg.org\/blog\/gecenin-sakli-yani"]}]},{"@type":"BreadcrumbList","@id":"http:\/\/www.tpocg.org\/blog\/gecenin-sakli-yani#breadcrumb","itemListElement":[{"@type":"ListItem","position":1,"name":"Ana sayfa","item":"http:\/\/www.tpocg.org\/blog"},{"@type":"ListItem","position":2,"name":"Gecenin Sakl\u0131 Yan\u0131"}]},{"@type":"WebSite","@id":"http:\/\/www.tpocg.org\/blog\/#website","url":"http:\/\/www.tpocg.org\/blog\/","name":"Ak\u0131l Defterim","description":"Psikoloji \u00d6\u011frencilerinden Yaz\u0131lar","publisher":{"@id":"http:\/\/www.tpocg.org\/blog\/#organization"},"potentialAction":[{"@type":"SearchAction","target":{"@type":"EntryPoint","urlTemplate":"http:\/\/www.tpocg.org\/blog\/?s={search_term_string}"},"query-input":"required name=search_term_string"}],"inLanguage":"tr"},{"@type":"Organization","@id":"http:\/\/www.tpocg.org\/blog\/#organization","name":"TP\u00d6\u00c7G","url":"http:\/\/www.tpocg.org\/blog\/","logo":{"@type":"ImageObject","inLanguage":"tr","@id":"http:\/\/www.tpocg.org\/blog\/#\/schema\/logo\/image\/","url":"http:\/\/www.tpocg.org\/blog\/wp-content\/uploads\/2016\/03\/fav.jpg","contentUrl":"http:\/\/www.tpocg.org\/blog\/wp-content\/uploads\/2016\/03\/fav.jpg","width":72,"height":72,"caption":"TP\u00d6\u00c7G"},"image":{"@id":"http:\/\/www.tpocg.org\/blog\/#\/schema\/logo\/image\/"},"sameAs":["https:\/\/www.facebook.com\/tpocg","https:\/\/twitter.com\/tpocg","https:\/\/www.instagram.com\/tpocg","https:\/\/www.youtube.com\/user\/TPOCG"]},{"@type":"Person","@id":"http:\/\/www.tpocg.org\/blog\/#\/schema\/person\/8c97847ab5cd7a6d006e53378ae0dfe9","name":"\u0130rem Toky\u00fcrek","image":{"@type":"ImageObject","inLanguage":"tr","@id":"http:\/\/www.tpocg.org\/blog\/#\/schema\/person\/image\/","url":"http:\/\/2.gravatar.com\/avatar\/5e9bf11378a738e736518694e1b871bb?s=96&d=mm&r=g","contentUrl":"http:\/\/2.gravatar.com\/avatar\/5e9bf11378a738e736518694e1b871bb?s=96&d=mm&r=g","caption":"\u0130rem Toky\u00fcrek"},"url":"http:\/\/www.tpocg.org\/blog\/author\/irem"}]}},"_links":{"self":[{"href":"http:\/\/www.tpocg.org\/blog\/wp-json\/wp\/v2\/posts\/4757"}],"collection":[{"href":"http:\/\/www.tpocg.org\/blog\/wp-json\/wp\/v2\/posts"}],"about":[{"href":"http:\/\/www.tpocg.org\/blog\/wp-json\/wp\/v2\/types\/post"}],"author":[{"embeddable":true,"href":"http:\/\/www.tpocg.org\/blog\/wp-json\/wp\/v2\/users\/81"}],"replies":[{"embeddable":true,"href":"http:\/\/www.tpocg.org\/blog\/wp-json\/wp\/v2\/comments?post=4757"}],"version-history":[{"count":1,"href":"http:\/\/www.tpocg.org\/blog\/wp-json\/wp\/v2\/posts\/4757\/revisions"}],"predecessor-version":[{"id":4759,"href":"http:\/\/www.tpocg.org\/blog\/wp-json\/wp\/v2\/posts\/4757\/revisions\/4759"}],"wp:featuredmedia":[{"embeddable":true,"href":"http:\/\/www.tpocg.org\/blog\/wp-json\/wp\/v2\/media\/4758"}],"wp:attachment":[{"href":"http:\/\/www.tpocg.org\/blog\/wp-json\/wp\/v2\/media?parent=4757"}],"wp:term":[{"taxonomy":"category","embeddable":true,"href":"http:\/\/www.tpocg.org\/blog\/wp-json\/wp\/v2\/categories?post=4757"},{"taxonomy":"post_tag","embeddable":true,"href":"http:\/\/www.tpocg.org\/blog\/wp-json\/wp\/v2\/tags?post=4757"}],"curies":[{"name":"wp","href":"https:\/\/api.w.org\/{rel}","templated":true}]}}